{"id":4870,"date":"2013-08-18T01:02:20","date_gmt":"2013-08-18T01:02:20","guid":{"rendered":"http:\/\/staging.ibermusicas.org\/?p=4870"},"modified":"2021-03-19T00:50:33","modified_gmt":"2021-03-19T00:50:33","slug":"residencia-del-maestro-eduardo-caballero","status":"publish","type":"post","link":"http:\/\/staging.ibermusicas.org\/index.php\/residencia-del-maestro-eduardo-caballero\/","title":{"rendered":"RESIDENCIA DEL MAESTRO EDUARDO CABALLERO"},"content":{"rendered":"<p>Con el apoyo de Ibermusicas durante el mes de Julio realic\u00e9 una residencia artistica en el Laboratorio de Investigaci\u00f3n y Producci\u00f3n Musical LIPM ubicado en el Centro Cultural Recoleta en la ciudad de Buenos Aires Argentina. Durante esta estancia el proyecto que estuve realizando es el componer una obra para percusiones y electr\u00f3nica con procesos en tiempo real. La obra es parte de un ciclo de obras titulado Convergencias para obras mixtas, esta es la V Convergencia con subtitulo \u00abR\u00e1fagas\u00bb. La obra consta de dos movimientos, el primero para cuenco tibetano  y el segundo para marimba.<\/p>\n","protected":false},"excerpt":{"rendered":"<p>Con el apoyo de Ibermusicas durante el mes de Julio realic\u00e9 una residencia artistica en el Laboratorio de Investigaci\u00f3n y Producci\u00f3n Musical LIPM ubicado en el Centro Cultural Recoleta en la ciudad de Buenos Aires Argentina. Durante esta estancia el proyecto que estuve realizando es el componer una obra para percusiones y electr\u00f3nica con procesos [&hellip;]<\/p>\n","protected":false},"author":1,"featured_media":4961,"comment_status":"closed","ping_status":"closed","sticky":false,"template":"","format":"standard","meta":{"footnotes":""},"categories":[53],"tags":[],"class_list":["post-4870","post","type-post","status-publish","format-standard","has-post-thumbnail","hentry","category-noticias-generales"],"lang":"es","translations":{"es":4870},"pll_sync_post":[],"post_mailing_queue_ids":[],"_links":{"self":[{"href":"http:\/\/staging.ibermusicas.org\/index.php\/wp-json\/wp\/v2\/posts\/4870","targetHints":{"allow":["GET"]}}],"collection":[{"href":"http:\/\/staging.ibermusicas.org\/index.php\/wp-json\/wp\/v2\/posts"}],"about":[{"href":"http:\/\/staging.ibermusicas.org\/index.php\/wp-json\/wp\/v2\/types\/post"}],"author":[{"embeddable":true,"href":"http:\/\/staging.ibermusicas.org\/index.php\/wp-json\/wp\/v2\/users\/1"}],"replies":[{"embeddable":true,"href":"http:\/\/staging.ibermusicas.org\/index.php\/wp-json\/wp\/v2\/comments?post=4870"}],"version-history":[{"count":2,"href":"http:\/\/staging.ibermusicas.org\/index.php\/wp-json\/wp\/v2\/posts\/4870\/revisions"}],"predecessor-version":[{"id":4962,"href":"http:\/\/staging.ibermusicas.org\/index.php\/wp-json\/wp\/v2\/posts\/4870\/revisions\/4962"}],"wp:featuredmedia":[{"embeddable":true,"href":"http:\/\/staging.ibermusicas.org\/index.php\/wp-json\/wp\/v2\/media\/4961"}],"wp:attachment":[{"href":"http:\/\/staging.ibermusicas.org\/index.php\/wp-json\/wp\/v2\/media?parent=4870"}],"wp:term":[{"taxonomy":"category","embeddable":true,"href":"http:\/\/staging.ibermusicas.org\/index.php\/wp-json\/wp\/v2\/categories?post=4870"},{"taxonomy":"post_tag","embeddable":true,"href":"http:\/\/staging.ibermusicas.org\/index.php\/wp-json\/wp\/v2\/tags?post=4870"}],"curies":[{"name":"wp","href":"https:\/\/api.w.org\/{rel}","templated":true}]}}