{"id":4873,"date":"2013-08-02T01:03:33","date_gmt":"2013-08-02T01:03:33","guid":{"rendered":"http:\/\/staging.ibermusicas.org\/?p=4873"},"modified":"2021-03-19T00:52:17","modified_gmt":"2021-03-19T00:52:17","slug":"residencia-del-maestro-nicolas-espinoza","status":"publish","type":"post","link":"http:\/\/staging.ibermusicas.org\/index.php\/residencia-del-maestro-nicolas-espinoza\/","title":{"rendered":"RESIDENCIA DEL MAESTRO NICOLAS ESPINOZA"},"content":{"rendered":"<p>Lleg\u00f3 el d\u00eda 22 de julio a Bogot\u00e1, all\u00ed coordin\u00f3 reuniones con los profesores de la Universidad Nacional de Colombia y los detalles de lugar y fecha del concierto a realizar en el mes de diciembre. Idealmente se realizar\u00eda en el Teatro Leon de Greiff, pero como hay paro hace m\u00e1s de 3 semanas, no se han podido fijar fechas ni ha podido ir a trabajar a la universidad, pues se encuentran los edificios bloqueados. De todos modos, antes de que comenzara el paro, se alcanz\u00f3 a sacar los libros que se necesitaba y con ese material, m\u00e1s los viajes, ha comenzado su investigaci\u00f3n.<\/p>\n","protected":false},"excerpt":{"rendered":"<p>Lleg\u00f3 el d\u00eda 22 de julio a Bogot\u00e1, all\u00ed coordin\u00f3 reuniones con los profesores de la Universidad Nacional de Colombia y los detalles de lugar y fecha del concierto a realizar en el mes de diciembre. Idealmente se realizar\u00eda en el Teatro Leon de Greiff, pero como hay paro hace m\u00e1s de 3 semanas, no [&hellip;]<\/p>\n","protected":false},"author":1,"featured_media":4963,"comment_status":"closed","ping_status":"closed","sticky":false,"template":"","format":"standard","meta":{"footnotes":""},"categories":[53],"tags":[],"class_list":["post-4873","post","type-post","status-publish","format-standard","has-post-thumbnail","hentry","category-noticias-generales"],"lang":"es","translations":{"es":4873},"pll_sync_post":[],"post_mailing_queue_ids":[],"_links":{"self":[{"href":"http:\/\/staging.ibermusicas.org\/index.php\/wp-json\/wp\/v2\/posts\/4873","targetHints":{"allow":["GET"]}}],"collection":[{"href":"http:\/\/staging.ibermusicas.org\/index.php\/wp-json\/wp\/v2\/posts"}],"about":[{"href":"http:\/\/staging.ibermusicas.org\/index.php\/wp-json\/wp\/v2\/types\/post"}],"author":[{"embeddable":true,"href":"http:\/\/staging.ibermusicas.org\/index.php\/wp-json\/wp\/v2\/users\/1"}],"replies":[{"embeddable":true,"href":"http:\/\/staging.ibermusicas.org\/index.php\/wp-json\/wp\/v2\/comments?post=4873"}],"version-history":[{"count":2,"href":"http:\/\/staging.ibermusicas.org\/index.php\/wp-json\/wp\/v2\/posts\/4873\/revisions"}],"predecessor-version":[{"id":4965,"href":"http:\/\/staging.ibermusicas.org\/index.php\/wp-json\/wp\/v2\/posts\/4873\/revisions\/4965"}],"wp:featuredmedia":[{"embeddable":true,"href":"http:\/\/staging.ibermusicas.org\/index.php\/wp-json\/wp\/v2\/media\/4963"}],"wp:attachment":[{"href":"http:\/\/staging.ibermusicas.org\/index.php\/wp-json\/wp\/v2\/media?parent=4873"}],"wp:term":[{"taxonomy":"category","embeddable":true,"href":"http:\/\/staging.ibermusicas.org\/index.php\/wp-json\/wp\/v2\/categories?post=4873"},{"taxonomy":"post_tag","embeddable":true,"href":"http:\/\/staging.ibermusicas.org\/index.php\/wp-json\/wp\/v2\/tags?post=4873"}],"curies":[{"name":"wp","href":"https:\/\/api.w.org\/{rel}","templated":true}]}}