{"id":4876,"date":"2013-09-18T01:05:09","date_gmt":"2013-09-18T01:05:09","guid":{"rendered":"http:\/\/staging.ibermusicas.org\/?p=4876"},"modified":"2021-03-19T00:53:56","modified_gmt":"2021-03-19T00:53:56","slug":"iii-reunion-del-comite-ejecutivo-y-v-reunion-del-consejo-intergubernamental-del-programa-ibermusicas","status":"publish","type":"post","link":"http:\/\/staging.ibermusicas.org\/index.php\/iii-reunion-del-comite-ejecutivo-y-v-reunion-del-consejo-intergubernamental-del-programa-ibermusicas\/","title":{"rendered":"III Reuni\u00f3n del Comit\u00e9 Ejecutivo y V Reuni\u00f3n del Consejo Intergubernamental del Programa Iberm\u00fasicas"},"content":{"rendered":"<p>Durante esta semana, el pa\u00eds se convertir\u00e1 en escenario para el impulso de la m\u00fasica iberoamericana, a trav\u00e9s de la III Reuni\u00f3n del Comit\u00e9 Ejecutivo del Programa Iberm\u00fasicas, que se realiza el 30 de septiembre y el 1 de octubre en San Jos\u00e9; as\u00ed como por la V Reuni\u00f3n del Consejo Intergubernamental de esa misma instancia, que se efectuar\u00e1 del 2 al 4 de octubre, en Tortuguero, Lim\u00f3n.<\/p>\n","protected":false},"excerpt":{"rendered":"<p>Durante esta semana, el pa\u00eds se convertir\u00e1 en escenario para el impulso de la m\u00fasica iberoamericana, a trav\u00e9s de la III Reuni\u00f3n del Comit\u00e9 Ejecutivo del Programa Iberm\u00fasicas, que se realiza el 30 de septiembre y el 1 de octubre en San Jos\u00e9; as\u00ed como por la V Reuni\u00f3n del Consejo Intergubernamental de esa misma [&hellip;]<\/p>\n","protected":false},"author":1,"featured_media":4966,"comment_status":"closed","ping_status":"closed","sticky":false,"template":"","format":"standard","meta":{"footnotes":""},"categories":[53],"tags":[],"class_list":["post-4876","post","type-post","status-publish","format-standard","has-post-thumbnail","hentry","category-noticias-generales"],"lang":"es","translations":{"es":4876},"pll_sync_post":[],"post_mailing_queue_ids":[],"_links":{"self":[{"href":"http:\/\/staging.ibermusicas.org\/index.php\/wp-json\/wp\/v2\/posts\/4876","targetHints":{"allow":["GET"]}}],"collection":[{"href":"http:\/\/staging.ibermusicas.org\/index.php\/wp-json\/wp\/v2\/posts"}],"about":[{"href":"http:\/\/staging.ibermusicas.org\/index.php\/wp-json\/wp\/v2\/types\/post"}],"author":[{"embeddable":true,"href":"http:\/\/staging.ibermusicas.org\/index.php\/wp-json\/wp\/v2\/users\/1"}],"replies":[{"embeddable":true,"href":"http:\/\/staging.ibermusicas.org\/index.php\/wp-json\/wp\/v2\/comments?post=4876"}],"version-history":[{"count":3,"href":"http:\/\/staging.ibermusicas.org\/index.php\/wp-json\/wp\/v2\/posts\/4876\/revisions"}],"predecessor-version":[{"id":4968,"href":"http:\/\/staging.ibermusicas.org\/index.php\/wp-json\/wp\/v2\/posts\/4876\/revisions\/4968"}],"wp:featuredmedia":[{"embeddable":true,"href":"http:\/\/staging.ibermusicas.org\/index.php\/wp-json\/wp\/v2\/media\/4966"}],"wp:attachment":[{"href":"http:\/\/staging.ibermusicas.org\/index.php\/wp-json\/wp\/v2\/media?parent=4876"}],"wp:term":[{"taxonomy":"category","embeddable":true,"href":"http:\/\/staging.ibermusicas.org\/index.php\/wp-json\/wp\/v2\/categories?post=4876"},{"taxonomy":"post_tag","embeddable":true,"href":"http:\/\/staging.ibermusicas.org\/index.php\/wp-json\/wp\/v2\/tags?post=4876"}],"curies":[{"name":"wp","href":"https:\/\/api.w.org\/{rel}","templated":true}]}}