{"id":4879,"date":"2013-09-18T01:06:50","date_gmt":"2013-09-18T01:06:50","guid":{"rendered":"http:\/\/staging.ibermusicas.org\/?p=4879"},"modified":"2021-03-18T01:07:35","modified_gmt":"2021-03-18T01:07:35","slug":"ii-taller-sobre-gestion-de-proyectos-culturales","status":"publish","type":"post","link":"http:\/\/staging.ibermusicas.org\/index.php\/ii-taller-sobre-gestion-de-proyectos-culturales\/","title":{"rendered":"II Taller sobre gesti\u00f3n de Proyectos Culturales"},"content":{"rendered":"<p><img loading=\"lazy\" decoding=\"async\" src=\"http:\/\/staging.ibermusicas.org\/wp-content\/uploads\/2021\/03\/para_face.jpg\" alt=\"\" width=\"960\" height=\"720\" class=\"alignnone size-full wp-image-4880\" \/><\/p>\n<p>Representantes de los Programas Iberoamericanos de Cooperaci\u00f3n Cultural de la Secretaria General Iberoamericana (Segib), se re\u00fanen en el pa\u00eds desde este 26 de septiembre, para formar parte del II Taller sobre de los Programas Iberoamericanos de Cooperaci\u00f3n Cultural<\/p>\n","protected":false},"excerpt":{"rendered":"<p>Representantes de los Programas Iberoamericanos de Cooperaci\u00f3n Cultural de la Secretaria General Iberoamericana (Segib), se re\u00fanen en el pa\u00eds desde este 26 de septiembre, para formar parte del II Taller sobre de los Programas Iberoamericanos de Cooperaci\u00f3n Cultural<\/p>\n","protected":false},"author":1,"featured_media":0,"comment_status":"closed","ping_status":"closed","sticky":false,"template":"","format":"standard","meta":{"footnotes":""},"categories":[53],"tags":[],"class_list":["post-4879","post","type-post","status-publish","format-standard","hentry","category-noticias-generales"],"lang":"es","translations":{"es":4879},"pll_sync_post":[],"post_mailing_queue_ids":[],"_links":{"self":[{"href":"http:\/\/staging.ibermusicas.org\/index.php\/wp-json\/wp\/v2\/posts\/4879","targetHints":{"allow":["GET"]}}],"collection":[{"href":"http:\/\/staging.ibermusicas.org\/index.php\/wp-json\/wp\/v2\/posts"}],"about":[{"href":"http:\/\/staging.ibermusicas.org\/index.php\/wp-json\/wp\/v2\/types\/post"}],"author":[{"embeddable":true,"href":"http:\/\/staging.ibermusicas.org\/index.php\/wp-json\/wp\/v2\/users\/1"}],"replies":[{"embeddable":true,"href":"http:\/\/staging.ibermusicas.org\/index.php\/wp-json\/wp\/v2\/comments?post=4879"}],"version-history":[{"count":1,"href":"http:\/\/staging.ibermusicas.org\/index.php\/wp-json\/wp\/v2\/posts\/4879\/revisions"}],"predecessor-version":[{"id":4881,"href":"http:\/\/staging.ibermusicas.org\/index.php\/wp-json\/wp\/v2\/posts\/4879\/revisions\/4881"}],"wp:attachment":[{"href":"http:\/\/staging.ibermusicas.org\/index.php\/wp-json\/wp\/v2\/media?parent=4879"}],"wp:term":[{"taxonomy":"category","embeddable":true,"href":"http:\/\/staging.ibermusicas.org\/index.php\/wp-json\/wp\/v2\/categories?post=4879"},{"taxonomy":"post_tag","embeddable":true,"href":"http:\/\/staging.ibermusicas.org\/index.php\/wp-json\/wp\/v2\/tags?post=4879"}],"curies":[{"name":"wp","href":"https:\/\/api.w.org\/{rel}","templated":true}]}}