{"id":4972,"date":"2013-08-19T00:57:22","date_gmt":"2013-08-19T00:57:22","guid":{"rendered":"http:\/\/staging.ibermusicas.org\/?p=4972"},"modified":"2021-03-19T00:58:38","modified_gmt":"2021-03-19T00:58:38","slug":"ya-se-encuentran-los-resultados-de-la-convocatoria-ibermusicas-iberescena","status":"publish","type":"post","link":"http:\/\/staging.ibermusicas.org\/index.php\/ya-se-encuentran-los-resultados-de-la-convocatoria-ibermusicas-iberescena\/","title":{"rendered":"YA SE ENCUENTRAN LOS RESULTADOS DE LA CONVOCATORIA IBERM\u00daSICAS &#8211; IBERESCENA"},"content":{"rendered":"<p>Los programas IBERESCENA-IBERM\u00daSICAS informan los resultados de la convocatoria:PROYECTO ESPECIAL PARA LA CREACI\u00d3N Y PRODUCCI\u00d3N DE UN PROYECTO COREOGR\u00c1FICO Y DE COMPOSICI\u00d3N MUSICAL EN CONJUNTO.  Los Comit\u00e9s Intergubernamentales<\/p>\n","protected":false},"excerpt":{"rendered":"<p>Los programas IBERESCENA-IBERM\u00daSICAS informan los resultados de la convocatoria:PROYECTO ESPECIAL PARA LA CREACI\u00d3N Y PRODUCCI\u00d3N DE UN PROYECTO COREOGR\u00c1FICO Y DE COMPOSICI\u00d3N MUSICAL EN CONJUNTO. Los Comit\u00e9s Intergubernamentales<\/p>\n","protected":false},"author":1,"featured_media":4973,"comment_status":"closed","ping_status":"closed","sticky":false,"template":"","format":"standard","meta":{"footnotes":""},"categories":[53],"tags":[],"class_list":["post-4972","post","type-post","status-publish","format-standard","has-post-thumbnail","hentry","category-noticias-generales"],"lang":"es","translations":{"es":4972},"pll_sync_post":[],"post_mailing_queue_ids":[],"_links":{"self":[{"href":"http:\/\/staging.ibermusicas.org\/index.php\/wp-json\/wp\/v2\/posts\/4972","targetHints":{"allow":["GET"]}}],"collection":[{"href":"http:\/\/staging.ibermusicas.org\/index.php\/wp-json\/wp\/v2\/posts"}],"about":[{"href":"http:\/\/staging.ibermusicas.org\/index.php\/wp-json\/wp\/v2\/types\/post"}],"author":[{"embeddable":true,"href":"http:\/\/staging.ibermusicas.org\/index.php\/wp-json\/wp\/v2\/users\/1"}],"replies":[{"embeddable":true,"href":"http:\/\/staging.ibermusicas.org\/index.php\/wp-json\/wp\/v2\/comments?post=4972"}],"version-history":[{"count":1,"href":"http:\/\/staging.ibermusicas.org\/index.php\/wp-json\/wp\/v2\/posts\/4972\/revisions"}],"predecessor-version":[{"id":4974,"href":"http:\/\/staging.ibermusicas.org\/index.php\/wp-json\/wp\/v2\/posts\/4972\/revisions\/4974"}],"wp:featuredmedia":[{"embeddable":true,"href":"http:\/\/staging.ibermusicas.org\/index.php\/wp-json\/wp\/v2\/media\/4973"}],"wp:attachment":[{"href":"http:\/\/staging.ibermusicas.org\/index.php\/wp-json\/wp\/v2\/media?parent=4972"}],"wp:term":[{"taxonomy":"category","embeddable":true,"href":"http:\/\/staging.ibermusicas.org\/index.php\/wp-json\/wp\/v2\/categories?post=4972"},{"taxonomy":"post_tag","embeddable":true,"href":"http:\/\/staging.ibermusicas.org\/index.php\/wp-json\/wp\/v2\/tags?post=4972"}],"curies":[{"name":"wp","href":"https:\/\/api.w.org\/{rel}","templated":true}]}}