{"id":4981,"date":"2013-12-19T01:01:38","date_gmt":"2013-12-19T01:01:38","guid":{"rendered":"http:\/\/staging.ibermusicas.org\/?p=4981"},"modified":"2021-03-19T01:02:30","modified_gmt":"2021-03-19T01:02:30","slug":"resultado-del-1-concurso-iberoamericano-de-composicion-sinfonica-ibermusicas-2013","status":"publish","type":"post","link":"http:\/\/staging.ibermusicas.org\/index.php\/resultado-del-1-concurso-iberoamericano-de-composicion-sinfonica-ibermusicas-2013\/","title":{"rendered":"RESULTADO DEL 1\u00b0 Concurso iberoamericano de composici\u00f3n sinf\u00f3nica IBERM\u00daSICAS 2013"},"content":{"rendered":"<p>El Programa de Fomento de la M\u00fasicas Iberoamericanas Iberm\u00fasicas tiene el agrado de anunciar el resultado del Primer Concurso Iberoamericano de Composici\u00f3n de Sinf\u00f3nica IBERM\u00daSICAS 2013.<\/p>\n","protected":false},"excerpt":{"rendered":"<p>El Programa de Fomento de la M\u00fasicas Iberoamericanas Iberm\u00fasicas tiene el agrado de anunciar el resultado del Primer Concurso Iberoamericano de Composici\u00f3n de Sinf\u00f3nica IBERM\u00daSICAS 2013.<\/p>\n","protected":false},"author":1,"featured_media":4980,"comment_status":"closed","ping_status":"closed","sticky":false,"template":"","format":"standard","meta":{"footnotes":""},"categories":[53],"tags":[],"class_list":["post-4981","post","type-post","status-publish","format-standard","has-post-thumbnail","hentry","category-noticias-generales"],"lang":"es","translations":{"es":4981},"pll_sync_post":[],"post_mailing_queue_ids":[],"_links":{"self":[{"href":"http:\/\/staging.ibermusicas.org\/index.php\/wp-json\/wp\/v2\/posts\/4981","targetHints":{"allow":["GET"]}}],"collection":[{"href":"http:\/\/staging.ibermusicas.org\/index.php\/wp-json\/wp\/v2\/posts"}],"about":[{"href":"http:\/\/staging.ibermusicas.org\/index.php\/wp-json\/wp\/v2\/types\/post"}],"author":[{"embeddable":true,"href":"http:\/\/staging.ibermusicas.org\/index.php\/wp-json\/wp\/v2\/users\/1"}],"replies":[{"embeddable":true,"href":"http:\/\/staging.ibermusicas.org\/index.php\/wp-json\/wp\/v2\/comments?post=4981"}],"version-history":[{"count":1,"href":"http:\/\/staging.ibermusicas.org\/index.php\/wp-json\/wp\/v2\/posts\/4981\/revisions"}],"predecessor-version":[{"id":4982,"href":"http:\/\/staging.ibermusicas.org\/index.php\/wp-json\/wp\/v2\/posts\/4981\/revisions\/4982"}],"wp:featuredmedia":[{"embeddable":true,"href":"http:\/\/staging.ibermusicas.org\/index.php\/wp-json\/wp\/v2\/media\/4980"}],"wp:attachment":[{"href":"http:\/\/staging.ibermusicas.org\/index.php\/wp-json\/wp\/v2\/media?parent=4981"}],"wp:term":[{"taxonomy":"category","embeddable":true,"href":"http:\/\/staging.ibermusicas.org\/index.php\/wp-json\/wp\/v2\/categories?post=4981"},{"taxonomy":"post_tag","embeddable":true,"href":"http:\/\/staging.ibermusicas.org\/index.php\/wp-json\/wp\/v2\/tags?post=4981"}],"curies":[{"name":"wp","href":"https:\/\/api.w.org\/{rel}","templated":true}]}}