{"id":4986,"date":"2014-02-19T01:03:15","date_gmt":"2014-02-19T01:03:15","guid":{"rendered":"http:\/\/staging.ibermusicas.org\/?p=4986"},"modified":"2021-03-19T01:04:11","modified_gmt":"2021-03-19T01:04:11","slug":"paraguay-se-adhiere-a-ibermusicas","status":"publish","type":"post","link":"http:\/\/staging.ibermusicas.org\/index.php\/paraguay-se-adhiere-a-ibermusicas\/","title":{"rendered":"Paraguay se adhiere a Iberm\u00fasicas"},"content":{"rendered":"<p>La Secretar\u00eda Nacional de Cultura de Paraguay, \u00f3rgano rector de las pol\u00edticas culturales del pa\u00eds, tiene como misi\u00f3n promover las condiciones necesarias para el ejercicio de los derechos culturales por parte de ciudadanos y colectividades, a trav\u00e9s de la incorporaci\u00f3n de la dimensi\u00f3n cultural en las diferentes pol\u00edticas p\u00fablicas del Estado, la descentralizaci\u00f3n de la gesti\u00f3n cultural y la promoci\u00f3n de la participaci\u00f3n ciudadana.<\/p>\n","protected":false},"excerpt":{"rendered":"<p>La Secretar\u00eda Nacional de Cultura de Paraguay, \u00f3rgano rector de las pol\u00edticas culturales del pa\u00eds, tiene como misi\u00f3n promover las condiciones necesarias para el ejercicio de los derechos culturales por parte de ciudadanos y colectividades, a trav\u00e9s de la incorporaci\u00f3n de la dimensi\u00f3n cultural en las diferentes pol\u00edticas p\u00fablicas del Estado, la descentralizaci\u00f3n de la [&hellip;]<\/p>\n","protected":false},"author":1,"featured_media":4984,"comment_status":"closed","ping_status":"closed","sticky":false,"template":"","format":"standard","meta":{"footnotes":""},"categories":[53],"tags":[],"class_list":["post-4986","post","type-post","status-publish","format-standard","has-post-thumbnail","hentry","category-noticias-generales"],"lang":"es","translations":{"es":4986},"pll_sync_post":[],"post_mailing_queue_ids":[],"_links":{"self":[{"href":"http:\/\/staging.ibermusicas.org\/index.php\/wp-json\/wp\/v2\/posts\/4986","targetHints":{"allow":["GET"]}}],"collection":[{"href":"http:\/\/staging.ibermusicas.org\/index.php\/wp-json\/wp\/v2\/posts"}],"about":[{"href":"http:\/\/staging.ibermusicas.org\/index.php\/wp-json\/wp\/v2\/types\/post"}],"author":[{"embeddable":true,"href":"http:\/\/staging.ibermusicas.org\/index.php\/wp-json\/wp\/v2\/users\/1"}],"replies":[{"embeddable":true,"href":"http:\/\/staging.ibermusicas.org\/index.php\/wp-json\/wp\/v2\/comments?post=4986"}],"version-history":[{"count":1,"href":"http:\/\/staging.ibermusicas.org\/index.php\/wp-json\/wp\/v2\/posts\/4986\/revisions"}],"predecessor-version":[{"id":4987,"href":"http:\/\/staging.ibermusicas.org\/index.php\/wp-json\/wp\/v2\/posts\/4986\/revisions\/4987"}],"wp:featuredmedia":[{"embeddable":true,"href":"http:\/\/staging.ibermusicas.org\/index.php\/wp-json\/wp\/v2\/media\/4984"}],"wp:attachment":[{"href":"http:\/\/staging.ibermusicas.org\/index.php\/wp-json\/wp\/v2\/media?parent=4986"}],"wp:term":[{"taxonomy":"category","embeddable":true,"href":"http:\/\/staging.ibermusicas.org\/index.php\/wp-json\/wp\/v2\/categories?post=4986"},{"taxonomy":"post_tag","embeddable":true,"href":"http:\/\/staging.ibermusicas.org\/index.php\/wp-json\/wp\/v2\/tags?post=4986"}],"curies":[{"name":"wp","href":"https:\/\/api.w.org\/{rel}","templated":true}]}}