{"id":4994,"date":"2014-03-19T01:07:26","date_gmt":"2014-03-19T01:07:26","guid":{"rendered":"http:\/\/staging.ibermusicas.org\/?p=4994"},"modified":"2021-03-19T01:08:23","modified_gmt":"2021-03-19T01:08:23","slug":"vi-reunion-del-comite-intergubernamental-del-programa-de-fomento-de-las-musicas-iberoamericanas-ibermusicas","status":"publish","type":"post","link":"http:\/\/staging.ibermusicas.org\/index.php\/vi-reunion-del-comite-intergubernamental-del-programa-de-fomento-de-las-musicas-iberoamericanas-ibermusicas\/","title":{"rendered":"VI Reuni\u00f3n del Comit\u00e9 Intergubernamental del Programa de Fomento de las M\u00fasicas Iberoamericanas IBERM\u00daSICAS"},"content":{"rendered":"<p>Los dias 5 y 6 de Marzo, se llev\u00f3 a cabo en la Ciudad de M\u00e9xico DF, M\u00e9xico la VI Reuni\u00f3n del Comit\u00e9 Intergubernamental del Programa de Fomento de las M\u00fasicas Iberoamericanas IBERM\u00daSICAS. La misma fue organizada por el CONACULTA (Consejo Nacional para la Cultura y la Artes de M\u00e9xico) y el INBA (Instituto Nacional de Bellas Artes de M\u00e9xico).<\/p>\n","protected":false},"excerpt":{"rendered":"<p>Los dias 5 y 6 de Marzo, se llev\u00f3 a cabo en la Ciudad de M\u00e9xico DF, M\u00e9xico la VI Reuni\u00f3n del Comit\u00e9 Intergubernamental del Programa de Fomento de las M\u00fasicas Iberoamericanas IBERM\u00daSICAS. La misma fue organizada por el CONACULTA (Consejo Nacional para la Cultura y la Artes de M\u00e9xico) y el INBA (Instituto Nacional [&hellip;]<\/p>\n","protected":false},"author":1,"featured_media":4995,"comment_status":"closed","ping_status":"closed","sticky":false,"template":"","format":"standard","meta":{"footnotes":""},"categories":[53],"tags":[],"class_list":["post-4994","post","type-post","status-publish","format-standard","has-post-thumbnail","hentry","category-noticias-generales"],"lang":"es","translations":{"es":4994},"pll_sync_post":[],"post_mailing_queue_ids":[],"_links":{"self":[{"href":"http:\/\/staging.ibermusicas.org\/index.php\/wp-json\/wp\/v2\/posts\/4994","targetHints":{"allow":["GET"]}}],"collection":[{"href":"http:\/\/staging.ibermusicas.org\/index.php\/wp-json\/wp\/v2\/posts"}],"about":[{"href":"http:\/\/staging.ibermusicas.org\/index.php\/wp-json\/wp\/v2\/types\/post"}],"author":[{"embeddable":true,"href":"http:\/\/staging.ibermusicas.org\/index.php\/wp-json\/wp\/v2\/users\/1"}],"replies":[{"embeddable":true,"href":"http:\/\/staging.ibermusicas.org\/index.php\/wp-json\/wp\/v2\/comments?post=4994"}],"version-history":[{"count":2,"href":"http:\/\/staging.ibermusicas.org\/index.php\/wp-json\/wp\/v2\/posts\/4994\/revisions"}],"predecessor-version":[{"id":4997,"href":"http:\/\/staging.ibermusicas.org\/index.php\/wp-json\/wp\/v2\/posts\/4994\/revisions\/4997"}],"wp:featuredmedia":[{"embeddable":true,"href":"http:\/\/staging.ibermusicas.org\/index.php\/wp-json\/wp\/v2\/media\/4995"}],"wp:attachment":[{"href":"http:\/\/staging.ibermusicas.org\/index.php\/wp-json\/wp\/v2\/media?parent=4994"}],"wp:term":[{"taxonomy":"category","embeddable":true,"href":"http:\/\/staging.ibermusicas.org\/index.php\/wp-json\/wp\/v2\/categories?post=4994"},{"taxonomy":"post_tag","embeddable":true,"href":"http:\/\/staging.ibermusicas.org\/index.php\/wp-json\/wp\/v2\/tags?post=4994"}],"curies":[{"name":"wp","href":"https:\/\/api.w.org\/{rel}","templated":true}]}}