{"id":4998,"date":"2014-01-16T01:08:38","date_gmt":"2014-01-16T01:08:38","guid":{"rendered":"http:\/\/staging.ibermusicas.org\/?p=4998"},"modified":"2021-03-19T01:18:31","modified_gmt":"2021-03-19T01:18:31","slug":"el-grupo-rodrigo-ratier-quinteto-en-presento-en-el-octavo-encuentro-internacional-de-musicos-jazz-a-la-calle-de-uruguay","status":"publish","type":"post","link":"http:\/\/staging.ibermusicas.org\/index.php\/el-grupo-rodrigo-ratier-quinteto-en-presento-en-el-octavo-encuentro-internacional-de-musicos-jazz-a-la-calle-de-uruguay\/","title":{"rendered":"El grupo Rodrigo Ratier Quinteto en present\u00f3 en el Octavo Encuentro Internacional de M\u00fasicos Jazz a la Calle de Uruguay"},"content":{"rendered":"<p>El d\u00eda 12 de enero, una charla-taller, dirigida a los alumnos de la Escuela de Jazz del Movimiento Cultural Jazz a la Calle, m\u00fasicos y p\u00fablico en general, donde expuso distintos aspectos del trabajo musical que, bajo la direcci\u00f3n del pianista y compositor argentino Rodrigo Ratier, dicha agrupaci\u00f3n viene realizando ininterrumpidamente desde 2005.<\/p>\n","protected":false},"excerpt":{"rendered":"<p>El d\u00eda 12 de enero, una charla-taller, dirigida a los alumnos de la Escuela de Jazz del Movimiento Cultural Jazz a la Calle, m\u00fasicos y p\u00fablico en general, donde expuso distintos aspectos del trabajo musical que, bajo la direcci\u00f3n del pianista y compositor argentino Rodrigo Ratier, dicha agrupaci\u00f3n viene realizando ininterrumpidamente desde 2005.<\/p>\n","protected":false},"author":1,"featured_media":5008,"comment_status":"closed","ping_status":"closed","sticky":false,"template":"","format":"standard","meta":{"footnotes":""},"categories":[53],"tags":[],"class_list":["post-4998","post","type-post","status-publish","format-standard","has-post-thumbnail","hentry","category-noticias-generales"],"lang":"es","translations":{"es":4998},"pll_sync_post":[],"post_mailing_queue_ids":[],"_links":{"self":[{"href":"http:\/\/staging.ibermusicas.org\/index.php\/wp-json\/wp\/v2\/posts\/4998","targetHints":{"allow":["GET"]}}],"collection":[{"href":"http:\/\/staging.ibermusicas.org\/index.php\/wp-json\/wp\/v2\/posts"}],"about":[{"href":"http:\/\/staging.ibermusicas.org\/index.php\/wp-json\/wp\/v2\/types\/post"}],"author":[{"embeddable":true,"href":"http:\/\/staging.ibermusicas.org\/index.php\/wp-json\/wp\/v2\/users\/1"}],"replies":[{"embeddable":true,"href":"http:\/\/staging.ibermusicas.org\/index.php\/wp-json\/wp\/v2\/comments?post=4998"}],"version-history":[{"count":1,"href":"http:\/\/staging.ibermusicas.org\/index.php\/wp-json\/wp\/v2\/posts\/4998\/revisions"}],"predecessor-version":[{"id":5000,"href":"http:\/\/staging.ibermusicas.org\/index.php\/wp-json\/wp\/v2\/posts\/4998\/revisions\/5000"}],"wp:featuredmedia":[{"embeddable":true,"href":"http:\/\/staging.ibermusicas.org\/index.php\/wp-json\/wp\/v2\/media\/5008"}],"wp:attachment":[{"href":"http:\/\/staging.ibermusicas.org\/index.php\/wp-json\/wp\/v2\/media?parent=4998"}],"wp:term":[{"taxonomy":"category","embeddable":true,"href":"http:\/\/staging.ibermusicas.org\/index.php\/wp-json\/wp\/v2\/categories?post=4998"},{"taxonomy":"post_tag","embeddable":true,"href":"http:\/\/staging.ibermusicas.org\/index.php\/wp-json\/wp\/v2\/tags?post=4998"}],"curies":[{"name":"wp","href":"https:\/\/api.w.org\/{rel}","templated":true}]}}