{"id":5010,"date":"2014-04-25T01:19:23","date_gmt":"2014-04-25T01:19:23","guid":{"rendered":"http:\/\/staging.ibermusicas.org\/?p=5010"},"modified":"2021-03-19T01:20:36","modified_gmt":"2021-03-19T01:20:36","slug":"el-ministerio-de-cultura-de-uruguay-realizara-un-taller-de-formulacion-de-proyectos-ibermusicas","status":"publish","type":"post","link":"http:\/\/staging.ibermusicas.org\/index.php\/el-ministerio-de-cultura-de-uruguay-realizara-un-taller-de-formulacion-de-proyectos-ibermusicas\/","title":{"rendered":"EL MINISTERIO DE CULTURA DE URUGUAY REALIZAR\u00c1 UN TALLER DE FORMULACI\u00d3N DE PROYECTOS IBERM\u00daSICAS"},"content":{"rendered":"<p>Taller de formulaci\u00f3n de proyectos &#8211; Iberm\u00fasicas Asesor\u00eda de M\u00fasica &#8211; Direcci\u00f3n Nacional de Cultura El pr\u00f3ximo mi\u00e9rcoles 7 de mayo, 11 hs., en Punto de Encuentro (San Jos\u00e9 1116) se realizar\u00e1 un taller de formulaci\u00f3n de proyectos para las convocatorias Iberm\u00fasicas.<\/p>\n","protected":false},"excerpt":{"rendered":"<p>Taller de formulaci\u00f3n de proyectos &#8211; Iberm\u00fasicas Asesor\u00eda de M\u00fasica &#8211; Direcci\u00f3n Nacional de Cultura El pr\u00f3ximo mi\u00e9rcoles 7 de mayo, 11 hs., en Punto de Encuentro (San Jos\u00e9 1116) se realizar\u00e1 un taller de formulaci\u00f3n de proyectos para las convocatorias Iberm\u00fasicas.<\/p>\n","protected":false},"author":1,"featured_media":5011,"comment_status":"closed","ping_status":"closed","sticky":false,"template":"","format":"standard","meta":{"footnotes":""},"categories":[53],"tags":[],"class_list":["post-5010","post","type-post","status-publish","format-standard","has-post-thumbnail","hentry","category-noticias-generales"],"lang":"es","translations":{"es":5010},"pll_sync_post":[],"post_mailing_queue_ids":[],"_links":{"self":[{"href":"http:\/\/staging.ibermusicas.org\/index.php\/wp-json\/wp\/v2\/posts\/5010","targetHints":{"allow":["GET"]}}],"collection":[{"href":"http:\/\/staging.ibermusicas.org\/index.php\/wp-json\/wp\/v2\/posts"}],"about":[{"href":"http:\/\/staging.ibermusicas.org\/index.php\/wp-json\/wp\/v2\/types\/post"}],"author":[{"embeddable":true,"href":"http:\/\/staging.ibermusicas.org\/index.php\/wp-json\/wp\/v2\/users\/1"}],"replies":[{"embeddable":true,"href":"http:\/\/staging.ibermusicas.org\/index.php\/wp-json\/wp\/v2\/comments?post=5010"}],"version-history":[{"count":1,"href":"http:\/\/staging.ibermusicas.org\/index.php\/wp-json\/wp\/v2\/posts\/5010\/revisions"}],"predecessor-version":[{"id":5012,"href":"http:\/\/staging.ibermusicas.org\/index.php\/wp-json\/wp\/v2\/posts\/5010\/revisions\/5012"}],"wp:featuredmedia":[{"embeddable":true,"href":"http:\/\/staging.ibermusicas.org\/index.php\/wp-json\/wp\/v2\/media\/5011"}],"wp:attachment":[{"href":"http:\/\/staging.ibermusicas.org\/index.php\/wp-json\/wp\/v2\/media?parent=5010"}],"wp:term":[{"taxonomy":"category","embeddable":true,"href":"http:\/\/staging.ibermusicas.org\/index.php\/wp-json\/wp\/v2\/categories?post=5010"},{"taxonomy":"post_tag","embeddable":true,"href":"http:\/\/staging.ibermusicas.org\/index.php\/wp-json\/wp\/v2\/tags?post=5010"}],"curies":[{"name":"wp","href":"https:\/\/api.w.org\/{rel}","templated":true}]}}