{"id":5014,"date":"2014-04-05T01:21:04","date_gmt":"2014-04-05T01:21:04","guid":{"rendered":"http:\/\/staging.ibermusicas.org\/?p=5014"},"modified":"2021-03-19T01:22:35","modified_gmt":"2021-03-19T01:22:35","slug":"copiuensamble-vocal-de-chile-participo-del-festival-de-creacion-latinoamericana-prismas-y-symposiae-internacionales-de-arte-actual-y-musica-contemporanea","status":"publish","type":"post","link":"http:\/\/staging.ibermusicas.org\/index.php\/copiuensamble-vocal-de-chile-participo-del-festival-de-creacion-latinoamericana-prismas-y-symposiae-internacionales-de-arte-actual-y-musica-contemporanea\/","title":{"rendered":"COPIUENSAMBLE VOCAL DE CHILE PARTICIP\u00d3 DEL FESTIVAL DE CREACI\u00d3N LATINOAMERICANA \u00abPRISMAS\u00bb Y \u00abSYMPOSIAE INTERNACIONALES\u00bb DE ARTE ACTUAL Y M\u00daSICA CONTEMPOR\u00c1NEA"},"content":{"rendered":"<p>El conjunto Copiuensamble Vocal viaj\u00f3 a la la ciudad de Quer\u00e9taro, M\u00e9xico y realiz\u00f3 talleres intensivos en el Centro de las Artes de Quer\u00e9taro los d\u00edas mi\u00e9rcoles 12 y jueves 13 de marzo del 2014 en tres bloques (mi\u00e9rcoles ma\u00f1ana y tarde, jueves solo ma\u00f1ana), con la asistencia de 15 participantes<\/p>\n","protected":false},"excerpt":{"rendered":"<p>El conjunto Copiuensamble Vocal viaj\u00f3 a la la ciudad de Quer\u00e9taro, M\u00e9xico y realiz\u00f3 talleres intensivos en el Centro de las Artes de Quer\u00e9taro los d\u00edas mi\u00e9rcoles 12 y jueves 13 de marzo del 2014 en tres bloques (mi\u00e9rcoles ma\u00f1ana y tarde, jueves solo ma\u00f1ana), con la asistencia de 15 participantes<\/p>\n","protected":false},"author":1,"featured_media":5015,"comment_status":"closed","ping_status":"closed","sticky":false,"template":"","format":"standard","meta":{"footnotes":""},"categories":[53],"tags":[],"class_list":["post-5014","post","type-post","status-publish","format-standard","has-post-thumbnail","hentry","category-noticias-generales"],"lang":"es","translations":{"es":5014},"pll_sync_post":[],"post_mailing_queue_ids":[],"_links":{"self":[{"href":"http:\/\/staging.ibermusicas.org\/index.php\/wp-json\/wp\/v2\/posts\/5014","targetHints":{"allow":["GET"]}}],"collection":[{"href":"http:\/\/staging.ibermusicas.org\/index.php\/wp-json\/wp\/v2\/posts"}],"about":[{"href":"http:\/\/staging.ibermusicas.org\/index.php\/wp-json\/wp\/v2\/types\/post"}],"author":[{"embeddable":true,"href":"http:\/\/staging.ibermusicas.org\/index.php\/wp-json\/wp\/v2\/users\/1"}],"replies":[{"embeddable":true,"href":"http:\/\/staging.ibermusicas.org\/index.php\/wp-json\/wp\/v2\/comments?post=5014"}],"version-history":[{"count":1,"href":"http:\/\/staging.ibermusicas.org\/index.php\/wp-json\/wp\/v2\/posts\/5014\/revisions"}],"predecessor-version":[{"id":5016,"href":"http:\/\/staging.ibermusicas.org\/index.php\/wp-json\/wp\/v2\/posts\/5014\/revisions\/5016"}],"wp:featuredmedia":[{"embeddable":true,"href":"http:\/\/staging.ibermusicas.org\/index.php\/wp-json\/wp\/v2\/media\/5015"}],"wp:attachment":[{"href":"http:\/\/staging.ibermusicas.org\/index.php\/wp-json\/wp\/v2\/media?parent=5014"}],"wp:term":[{"taxonomy":"category","embeddable":true,"href":"http:\/\/staging.ibermusicas.org\/index.php\/wp-json\/wp\/v2\/categories?post=5014"},{"taxonomy":"post_tag","embeddable":true,"href":"http:\/\/staging.ibermusicas.org\/index.php\/wp-json\/wp\/v2\/tags?post=5014"}],"curies":[{"name":"wp","href":"https:\/\/api.w.org\/{rel}","templated":true}]}}