{"id":5017,"date":"2014-05-03T01:22:45","date_gmt":"2014-05-03T01:22:45","guid":{"rendered":"http:\/\/staging.ibermusicas.org\/?p=5017"},"modified":"2021-03-19T01:24:05","modified_gmt":"2021-03-19T01:24:05","slug":"el-circo-de-rialengo-se-presento-con-exito-en-la-sala-zitarrosa-de-uruguay","status":"publish","type":"post","link":"http:\/\/staging.ibermusicas.org\/index.php\/el-circo-de-rialengo-se-presento-con-exito-en-la-sala-zitarrosa-de-uruguay\/","title":{"rendered":"EL CIRCO DE RIALENGO SE PRESENT\u00d3 CON \u00c9XITO EN LA SALA ZITARROSA DE URUGUAY"},"content":{"rendered":"<p>El pasado domingo 27 de abril de 2014 se present\u00f3 en la Sala Zitarrosa en Montevideo, Uruguay, la banda costarricense Rialengo con su nuevo espect\u00e1culo \u201cEl Circo de Rialengo\u201d, con el apoyo del fondo de movilidad del proyecto de fomento Iberm\u00fasicas y del BAC San Jos\u00e9.<\/p>\n","protected":false},"excerpt":{"rendered":"<p>El pasado domingo 27 de abril de 2014 se present\u00f3 en la Sala Zitarrosa en Montevideo, Uruguay, la banda costarricense Rialengo con su nuevo espect\u00e1culo \u201cEl Circo de Rialengo\u201d, con el apoyo del fondo de movilidad del proyecto de fomento Iberm\u00fasicas y del BAC San Jos\u00e9.<\/p>\n","protected":false},"author":1,"featured_media":5018,"comment_status":"closed","ping_status":"closed","sticky":false,"template":"","format":"standard","meta":{"footnotes":""},"categories":[53],"tags":[],"class_list":["post-5017","post","type-post","status-publish","format-standard","has-post-thumbnail","hentry","category-noticias-generales"],"lang":"es","translations":{"es":5017},"pll_sync_post":[],"post_mailing_queue_ids":[],"_links":{"self":[{"href":"http:\/\/staging.ibermusicas.org\/index.php\/wp-json\/wp\/v2\/posts\/5017","targetHints":{"allow":["GET"]}}],"collection":[{"href":"http:\/\/staging.ibermusicas.org\/index.php\/wp-json\/wp\/v2\/posts"}],"about":[{"href":"http:\/\/staging.ibermusicas.org\/index.php\/wp-json\/wp\/v2\/types\/post"}],"author":[{"embeddable":true,"href":"http:\/\/staging.ibermusicas.org\/index.php\/wp-json\/wp\/v2\/users\/1"}],"replies":[{"embeddable":true,"href":"http:\/\/staging.ibermusicas.org\/index.php\/wp-json\/wp\/v2\/comments?post=5017"}],"version-history":[{"count":1,"href":"http:\/\/staging.ibermusicas.org\/index.php\/wp-json\/wp\/v2\/posts\/5017\/revisions"}],"predecessor-version":[{"id":5019,"href":"http:\/\/staging.ibermusicas.org\/index.php\/wp-json\/wp\/v2\/posts\/5017\/revisions\/5019"}],"wp:featuredmedia":[{"embeddable":true,"href":"http:\/\/staging.ibermusicas.org\/index.php\/wp-json\/wp\/v2\/media\/5018"}],"wp:attachment":[{"href":"http:\/\/staging.ibermusicas.org\/index.php\/wp-json\/wp\/v2\/media?parent=5017"}],"wp:term":[{"taxonomy":"category","embeddable":true,"href":"http:\/\/staging.ibermusicas.org\/index.php\/wp-json\/wp\/v2\/categories?post=5017"},{"taxonomy":"post_tag","embeddable":true,"href":"http:\/\/staging.ibermusicas.org\/index.php\/wp-json\/wp\/v2\/tags?post=5017"}],"curies":[{"name":"wp","href":"https:\/\/api.w.org\/{rel}","templated":true}]}}