{"id":5056,"date":"2014-11-01T11:12:30","date_gmt":"2014-11-01T11:12:30","guid":{"rendered":"http:\/\/staging.ibermusicas.org\/?p=5056"},"modified":"2021-03-21T11:17:18","modified_gmt":"2021-03-21T11:17:18","slug":"vii-reunion-del-comite-intergubernamental-del-programa-de-fomento-de-las-musicas-iberoamericanas-ibermusicas","status":"publish","type":"post","link":"http:\/\/staging.ibermusicas.org\/index.php\/vii-reunion-del-comite-intergubernamental-del-programa-de-fomento-de-las-musicas-iberoamericanas-ibermusicas\/","title":{"rendered":"VII Reuni\u00f3n del Comit\u00e9 Intergubernamental del Programa de Fomento de las M\u00fasicas Iberoamericanas IBERM\u00daSICAS"},"content":{"rendered":"<p><span data-sheets-value=\"{&quot;1&quot;:2,&quot;2&quot;:&quot;Los dias 8, 9 y 10 de Octubre, se llev\u00f3 a cabo en la Ciudad Valpara\u00edso, Chile la VII Reuni\u00f3n del Comit\u00e9 Intergubernamental del Programa de Fomento de las M\u00fasicas Iberoamericanas IBERM\u00daSICAS. La misma fue organizada por el Consejo Nacional de la Cultura y las Artes de Chile.\\n &quot;}\" data-sheets-userformat=\"{&quot;2&quot;:513,&quot;3&quot;:{&quot;1&quot;:0},&quot;12&quot;:0}\">Los dias 8, 9 y 10 de Octubre, se llev\u00f3 a cabo en la Ciudad Valpara\u00edso, Chile la VII Reuni\u00f3n del Comit\u00e9 Intergubernamental del Programa de Fomento de las M\u00fasicas Iberoamericanas IBERM\u00daSICAS. La misma fue organizada por el Consejo Nacional de la Cultura y las Artes de Chile.<br \/>\n<\/span><\/p>\n","protected":false},"excerpt":{"rendered":"<p>Los dias 8, 9 y 10 de Octubre, se llev\u00f3 a cabo en la Ciudad Valpara\u00edso, Chile la VII Reuni\u00f3n del Comit\u00e9 Intergubernamental del Programa de Fomento de las M\u00fasicas Iberoamericanas IBERM\u00daSICAS. La misma fue organizada por el Consejo Nacional de la Cultura y las Artes de Chile.<\/p>\n","protected":false},"author":1,"featured_media":5057,"comment_status":"closed","ping_status":"closed","sticky":false,"template":"","format":"standard","meta":{"footnotes":""},"categories":[53],"tags":[],"class_list":["post-5056","post","type-post","status-publish","format-standard","has-post-thumbnail","hentry","category-noticias-generales"],"lang":"es","translations":{"es":5056},"pll_sync_post":[],"post_mailing_queue_ids":[],"_links":{"self":[{"href":"http:\/\/staging.ibermusicas.org\/index.php\/wp-json\/wp\/v2\/posts\/5056","targetHints":{"allow":["GET"]}}],"collection":[{"href":"http:\/\/staging.ibermusicas.org\/index.php\/wp-json\/wp\/v2\/posts"}],"about":[{"href":"http:\/\/staging.ibermusicas.org\/index.php\/wp-json\/wp\/v2\/types\/post"}],"author":[{"embeddable":true,"href":"http:\/\/staging.ibermusicas.org\/index.php\/wp-json\/wp\/v2\/users\/1"}],"replies":[{"embeddable":true,"href":"http:\/\/staging.ibermusicas.org\/index.php\/wp-json\/wp\/v2\/comments?post=5056"}],"version-history":[{"count":1,"href":"http:\/\/staging.ibermusicas.org\/index.php\/wp-json\/wp\/v2\/posts\/5056\/revisions"}],"predecessor-version":[{"id":5058,"href":"http:\/\/staging.ibermusicas.org\/index.php\/wp-json\/wp\/v2\/posts\/5056\/revisions\/5058"}],"wp:featuredmedia":[{"embeddable":true,"href":"http:\/\/staging.ibermusicas.org\/index.php\/wp-json\/wp\/v2\/media\/5057"}],"wp:attachment":[{"href":"http:\/\/staging.ibermusicas.org\/index.php\/wp-json\/wp\/v2\/media?parent=5056"}],"wp:term":[{"taxonomy":"category","embeddable":true,"href":"http:\/\/staging.ibermusicas.org\/index.php\/wp-json\/wp\/v2\/categories?post=5056"},{"taxonomy":"post_tag","embeddable":true,"href":"http:\/\/staging.ibermusicas.org\/index.php\/wp-json\/wp\/v2\/tags?post=5056"}],"curies":[{"name":"wp","href":"https:\/\/api.w.org\/{rel}","templated":true}]}}