{"id":5085,"date":"2014-08-24T16:45:50","date_gmt":"2014-08-24T16:45:50","guid":{"rendered":"http:\/\/staging.ibermusicas.org\/?p=5085"},"modified":"2021-03-24T16:47:38","modified_gmt":"2021-03-24T16:47:38","slug":"estreno-de-las-obras-ganadoras-del-concurso-iberoamericano-de-composicion-para-orquesta-infantil-y-juvenil-ibermusicas-iberorquestas","status":"publish","type":"post","link":"http:\/\/staging.ibermusicas.org\/index.php\/estreno-de-las-obras-ganadoras-del-concurso-iberoamericano-de-composicion-para-orquesta-infantil-y-juvenil-ibermusicas-iberorquestas\/","title":{"rendered":"Estreno de las obras ganadoras del Concurso Iberoamericano de Composici\u00f3n para orquesta infantil y juvenil Iberm\u00fasicas &#8211; Iberorquestas"},"content":{"rendered":"<p><span data-sheets-value=\"{&quot;1&quot;:2,&quot;2&quot;:&quot;En el Palacio de Bellas Artes de la ciudad de M\u00e9xico la Orquesta Escuela Carlos Chavez y el Coro Infantil de la Rep\u00fablica estrenar\u00e1n las obras ganadoras del Concurso Iberoamericano de Composici\u00f3n para orquesta infantil y juvenil Iberm\u00fasicas - Iberorquestas.&quot;}\" data-sheets-userformat=\"{&quot;2&quot;:513,&quot;3&quot;:{&quot;1&quot;:0},&quot;12&quot;:0}\">En el Palacio de Bellas Artes de la ciudad de M\u00e9xico la Orquesta Escuela Carlos Chavez y el Coro Infantil de la Rep\u00fablica estrenar\u00e1n las obras ganadoras del Concurso Iberoamericano de Composici\u00f3n para orquesta infantil y juvenil Iberm\u00fasicas &#8211; Iberorquestas.<\/span><\/p>\n","protected":false},"excerpt":{"rendered":"<p>En el Palacio de Bellas Artes de la ciudad de M\u00e9xico la Orquesta Escuela Carlos Chavez y el Coro Infantil de la Rep\u00fablica estrenar\u00e1n las obras ganadoras del Concurso Iberoamericano de Composici\u00f3n para orquesta infantil y juvenil Iberm\u00fasicas &#8211; Iberorquestas.<\/p>\n","protected":false},"author":1,"featured_media":5086,"comment_status":"closed","ping_status":"closed","sticky":false,"template":"","format":"standard","meta":{"footnotes":""},"categories":[53],"tags":[],"class_list":["post-5085","post","type-post","status-publish","format-standard","has-post-thumbnail","hentry","category-noticias-generales"],"lang":"es","translations":{"es":5085},"pll_sync_post":[],"post_mailing_queue_ids":[],"_links":{"self":[{"href":"http:\/\/staging.ibermusicas.org\/index.php\/wp-json\/wp\/v2\/posts\/5085","targetHints":{"allow":["GET"]}}],"collection":[{"href":"http:\/\/staging.ibermusicas.org\/index.php\/wp-json\/wp\/v2\/posts"}],"about":[{"href":"http:\/\/staging.ibermusicas.org\/index.php\/wp-json\/wp\/v2\/types\/post"}],"author":[{"embeddable":true,"href":"http:\/\/staging.ibermusicas.org\/index.php\/wp-json\/wp\/v2\/users\/1"}],"replies":[{"embeddable":true,"href":"http:\/\/staging.ibermusicas.org\/index.php\/wp-json\/wp\/v2\/comments?post=5085"}],"version-history":[{"count":1,"href":"http:\/\/staging.ibermusicas.org\/index.php\/wp-json\/wp\/v2\/posts\/5085\/revisions"}],"predecessor-version":[{"id":5087,"href":"http:\/\/staging.ibermusicas.org\/index.php\/wp-json\/wp\/v2\/posts\/5085\/revisions\/5087"}],"wp:featuredmedia":[{"embeddable":true,"href":"http:\/\/staging.ibermusicas.org\/index.php\/wp-json\/wp\/v2\/media\/5086"}],"wp:attachment":[{"href":"http:\/\/staging.ibermusicas.org\/index.php\/wp-json\/wp\/v2\/media?parent=5085"}],"wp:term":[{"taxonomy":"category","embeddable":true,"href":"http:\/\/staging.ibermusicas.org\/index.php\/wp-json\/wp\/v2\/categories?post=5085"},{"taxonomy":"post_tag","embeddable":true,"href":"http:\/\/staging.ibermusicas.org\/index.php\/wp-json\/wp\/v2\/tags?post=5085"}],"curies":[{"name":"wp","href":"https:\/\/api.w.org\/{rel}","templated":true}]}}