{"id":5088,"date":"2014-03-24T16:47:49","date_gmt":"2014-03-24T16:47:49","guid":{"rendered":"http:\/\/staging.ibermusicas.org\/?p=5088"},"modified":"2021-03-24T16:49:31","modified_gmt":"2021-03-24T16:49:31","slug":"ya-se-encuentran-publicados-los-resultados-de-la-convocatoria-de-composicion-de-cancion-popular-2014","status":"publish","type":"post","link":"http:\/\/staging.ibermusicas.org\/index.php\/ya-se-encuentran-publicados-los-resultados-de-la-convocatoria-de-composicion-de-cancion-popular-2014\/","title":{"rendered":"YA SE ENCUENTRAN PUBLICADOS LOS RESULTADOS DE LA CONVOCATORIA  DE COMPOSICI\u00d3N DE CANCI\u00d3N POPULAR 2014"},"content":{"rendered":"<p><span data-sheets-value=\"{&quot;1&quot;:2,&quot;2&quot;:&quot;El concurso de Canci\u00f3n Popular de Iberm\u00fasicas fue concebido con el prop\u00f3sito de impulsar y promover la creaci\u00f3n de m\u00fasica popular y contribuir as\u00ed a la ampliaci\u00f3n del repertorio iberoamericano de calidad en sus diferentes g\u00e9neros.&quot;}\" data-sheets-userformat=\"{&quot;2&quot;:513,&quot;3&quot;:{&quot;1&quot;:0},&quot;12&quot;:0}\">El concurso de Canci\u00f3n Popular de Iberm\u00fasicas fue concebido con el prop\u00f3sito de impulsar y promover la creaci\u00f3n de m\u00fasica popular y contribuir as\u00ed a la ampliaci\u00f3n del repertorio iberoamericano de calidad en sus diferentes g\u00e9neros.<\/span><\/p>\n","protected":false},"excerpt":{"rendered":"<p>El concurso de Canci\u00f3n Popular de Iberm\u00fasicas fue concebido con el prop\u00f3sito de impulsar y promover la creaci\u00f3n de m\u00fasica popular y contribuir as\u00ed a la ampliaci\u00f3n del repertorio iberoamericano de calidad en sus diferentes g\u00e9neros.<\/p>\n","protected":false},"author":1,"featured_media":5089,"comment_status":"closed","ping_status":"closed","sticky":false,"template":"","format":"standard","meta":{"footnotes":""},"categories":[53,1],"tags":[],"class_list":["post-5088","post","type-post","status-publish","format-standard","has-post-thumbnail","hentry","category-noticias-generales","category-uncategorized"],"lang":"es","translations":{"es":5088},"pll_sync_post":[],"post_mailing_queue_ids":[],"_links":{"self":[{"href":"http:\/\/staging.ibermusicas.org\/index.php\/wp-json\/wp\/v2\/posts\/5088","targetHints":{"allow":["GET"]}}],"collection":[{"href":"http:\/\/staging.ibermusicas.org\/index.php\/wp-json\/wp\/v2\/posts"}],"about":[{"href":"http:\/\/staging.ibermusicas.org\/index.php\/wp-json\/wp\/v2\/types\/post"}],"author":[{"embeddable":true,"href":"http:\/\/staging.ibermusicas.org\/index.php\/wp-json\/wp\/v2\/users\/1"}],"replies":[{"embeddable":true,"href":"http:\/\/staging.ibermusicas.org\/index.php\/wp-json\/wp\/v2\/comments?post=5088"}],"version-history":[{"count":1,"href":"http:\/\/staging.ibermusicas.org\/index.php\/wp-json\/wp\/v2\/posts\/5088\/revisions"}],"predecessor-version":[{"id":5090,"href":"http:\/\/staging.ibermusicas.org\/index.php\/wp-json\/wp\/v2\/posts\/5088\/revisions\/5090"}],"wp:featuredmedia":[{"embeddable":true,"href":"http:\/\/staging.ibermusicas.org\/index.php\/wp-json\/wp\/v2\/media\/5089"}],"wp:attachment":[{"href":"http:\/\/staging.ibermusicas.org\/index.php\/wp-json\/wp\/v2\/media?parent=5088"}],"wp:term":[{"taxonomy":"category","embeddable":true,"href":"http:\/\/staging.ibermusicas.org\/index.php\/wp-json\/wp\/v2\/categories?post=5088"},{"taxonomy":"post_tag","embeddable":true,"href":"http:\/\/staging.ibermusicas.org\/index.php\/wp-json\/wp\/v2\/tags?post=5088"}],"curies":[{"name":"wp","href":"https:\/\/api.w.org\/{rel}","templated":true}]}}