{"id":5091,"date":"2014-05-24T16:49:38","date_gmt":"2014-05-24T16:49:38","guid":{"rendered":"http:\/\/staging.ibermusicas.org\/?p=5091"},"modified":"2021-03-24T16:50:53","modified_gmt":"2021-03-24T16:50:53","slug":"se-estrenan-las-obras-compuestas-en-la-residencia-germia-cciones","status":"publish","type":"post","link":"http:\/\/staging.ibermusicas.org\/index.php\/se-estrenan-las-obras-compuestas-en-la-residencia-germia-cciones\/","title":{"rendered":"SE ESTRENAN LAS OBRAS COMPUESTAS EN LA RESIDENCIA GERMIA.CCIONES"},"content":{"rendered":"<p><span data-sheets-value=\"{&quot;1&quot;:2,&quot;2&quot;:&quot;En la nueva edici\u00f3n del Festival PRISMAS ser\u00e1n estrenadas las cuatro obras compuestas en la Residencia Germina.Cciones... para composici\u00f3n musical, efectuada durante este a\u00f1o en Santiago de Chile\\n &quot;}\" data-sheets-userformat=\"{&quot;2&quot;:513,&quot;3&quot;:{&quot;1&quot;:0},&quot;12&quot;:0}\">En la nueva edici\u00f3n del Festival PRISMAS ser\u00e1n estrenadas las cuatro obras compuestas en la Residencia Germina. Canciones&#8230; para composici\u00f3n musical, efectuada durante este a\u00f1o en Santiago de Chile<br \/>\n<\/span><\/p>\n","protected":false},"excerpt":{"rendered":"<p>En la nueva edici\u00f3n del Festival PRISMAS ser\u00e1n estrenadas las cuatro obras compuestas en la Residencia Germina. Canciones&#8230; para composici\u00f3n musical, efectuada durante este a\u00f1o en Santiago de Chile<\/p>\n","protected":false},"author":1,"featured_media":5092,"comment_status":"closed","ping_status":"closed","sticky":false,"template":"","format":"standard","meta":{"footnotes":""},"categories":[53],"tags":[],"class_list":["post-5091","post","type-post","status-publish","format-standard","has-post-thumbnail","hentry","category-noticias-generales"],"lang":"es","translations":{"es":5091},"pll_sync_post":[],"post_mailing_queue_ids":[],"_links":{"self":[{"href":"http:\/\/staging.ibermusicas.org\/index.php\/wp-json\/wp\/v2\/posts\/5091","targetHints":{"allow":["GET"]}}],"collection":[{"href":"http:\/\/staging.ibermusicas.org\/index.php\/wp-json\/wp\/v2\/posts"}],"about":[{"href":"http:\/\/staging.ibermusicas.org\/index.php\/wp-json\/wp\/v2\/types\/post"}],"author":[{"embeddable":true,"href":"http:\/\/staging.ibermusicas.org\/index.php\/wp-json\/wp\/v2\/users\/1"}],"replies":[{"embeddable":true,"href":"http:\/\/staging.ibermusicas.org\/index.php\/wp-json\/wp\/v2\/comments?post=5091"}],"version-history":[{"count":1,"href":"http:\/\/staging.ibermusicas.org\/index.php\/wp-json\/wp\/v2\/posts\/5091\/revisions"}],"predecessor-version":[{"id":5093,"href":"http:\/\/staging.ibermusicas.org\/index.php\/wp-json\/wp\/v2\/posts\/5091\/revisions\/5093"}],"wp:featuredmedia":[{"embeddable":true,"href":"http:\/\/staging.ibermusicas.org\/index.php\/wp-json\/wp\/v2\/media\/5092"}],"wp:attachment":[{"href":"http:\/\/staging.ibermusicas.org\/index.php\/wp-json\/wp\/v2\/media?parent=5091"}],"wp:term":[{"taxonomy":"category","embeddable":true,"href":"http:\/\/staging.ibermusicas.org\/index.php\/wp-json\/wp\/v2\/categories?post=5091"},{"taxonomy":"post_tag","embeddable":true,"href":"http:\/\/staging.ibermusicas.org\/index.php\/wp-json\/wp\/v2\/tags?post=5091"}],"curies":[{"name":"wp","href":"https:\/\/api.w.org\/{rel}","templated":true}]}}