{"id":5098,"date":"2014-07-20T16:55:24","date_gmt":"2014-07-20T16:55:24","guid":{"rendered":"http:\/\/staging.ibermusicas.org\/?p=5098"},"modified":"2021-03-24T16:57:55","modified_gmt":"2021-03-24T16:57:55","slug":"compartimos-la-excelente-nota-publicada-en-el-diario-la-republica-de-peru","status":"publish","type":"post","link":"http:\/\/staging.ibermusicas.org\/index.php\/compartimos-la-excelente-nota-publicada-en-el-diario-la-republica-de-peru\/","title":{"rendered":"COMPARTIMOS LA EXCELENTE NOTA PUBLICADA EN EL DIARIO LA REP\u00daBLICA DE PER\u00da"},"content":{"rendered":"<p><span data-sheets-value=\"{&quot;1&quot;:2,&quot;2&quot;:&quot;Ocho artistas peruanos han sido seleccionados como beneficiarios del programa Iberm\u00fasicas. Esto los llevar\u00e1 a participar en los festivales m\u00e1s importantes en Europa y Latinoam\u00e9rica. Aqu\u00ed un vistazo a estas agrupaciones y a la movida independiente de nuestro pa\u00eds.\\r &quot;}\" data-sheets-userformat=\"{&quot;2&quot;:513,&quot;3&quot;:{&quot;1&quot;:0},&quot;12&quot;:0}\">Ocho artistas peruanos han sido seleccionados como beneficiarios del programa Iberm\u00fasicas. Esto los llevar\u00e1 a participar en los festivales m\u00e1s importantes en Europa y Latinoam\u00e9rica. Aqu\u00ed un vistazo a estas agrupaciones y a la movida independiente de nuestro pa\u00eds. <\/span><\/p>\n","protected":false},"excerpt":{"rendered":"<p>Ocho artistas peruanos han sido seleccionados como beneficiarios del programa Iberm\u00fasicas. Esto los llevar\u00e1 a participar en los festivales m\u00e1s importantes en Europa y Latinoam\u00e9rica. Aqu\u00ed un vistazo a estas agrupaciones y a la movida independiente de nuestro pa\u00eds.<\/p>\n","protected":false},"author":1,"featured_media":5099,"comment_status":"closed","ping_status":"closed","sticky":false,"template":"","format":"standard","meta":{"footnotes":""},"categories":[53],"tags":[],"class_list":["post-5098","post","type-post","status-publish","format-standard","has-post-thumbnail","hentry","category-noticias-generales"],"lang":"es","translations":{"es":5098},"pll_sync_post":[],"post_mailing_queue_ids":[],"_links":{"self":[{"href":"http:\/\/staging.ibermusicas.org\/index.php\/wp-json\/wp\/v2\/posts\/5098","targetHints":{"allow":["GET"]}}],"collection":[{"href":"http:\/\/staging.ibermusicas.org\/index.php\/wp-json\/wp\/v2\/posts"}],"about":[{"href":"http:\/\/staging.ibermusicas.org\/index.php\/wp-json\/wp\/v2\/types\/post"}],"author":[{"embeddable":true,"href":"http:\/\/staging.ibermusicas.org\/index.php\/wp-json\/wp\/v2\/users\/1"}],"replies":[{"embeddable":true,"href":"http:\/\/staging.ibermusicas.org\/index.php\/wp-json\/wp\/v2\/comments?post=5098"}],"version-history":[{"count":1,"href":"http:\/\/staging.ibermusicas.org\/index.php\/wp-json\/wp\/v2\/posts\/5098\/revisions"}],"predecessor-version":[{"id":5100,"href":"http:\/\/staging.ibermusicas.org\/index.php\/wp-json\/wp\/v2\/posts\/5098\/revisions\/5100"}],"wp:featuredmedia":[{"embeddable":true,"href":"http:\/\/staging.ibermusicas.org\/index.php\/wp-json\/wp\/v2\/media\/5099"}],"wp:attachment":[{"href":"http:\/\/staging.ibermusicas.org\/index.php\/wp-json\/wp\/v2\/media?parent=5098"}],"wp:term":[{"taxonomy":"category","embeddable":true,"href":"http:\/\/staging.ibermusicas.org\/index.php\/wp-json\/wp\/v2\/categories?post=5098"},{"taxonomy":"post_tag","embeddable":true,"href":"http:\/\/staging.ibermusicas.org\/index.php\/wp-json\/wp\/v2\/tags?post=5098"}],"curies":[{"name":"wp","href":"https:\/\/api.w.org\/{rel}","templated":true}]}}