{"id":5101,"date":"2014-11-15T16:59:13","date_gmt":"2014-11-15T16:59:13","guid":{"rendered":"http:\/\/staging.ibermusicas.org\/?p=5101"},"modified":"2021-03-24T17:00:30","modified_gmt":"2021-03-24T17:00:30","slug":"ibermusicas-se-complace-en-anunciar-las-nuevas-autoridades-del-programa","status":"publish","type":"post","link":"http:\/\/staging.ibermusicas.org\/index.php\/ibermusicas-se-complace-en-anunciar-las-nuevas-autoridades-del-programa\/","title":{"rendered":"IBERM\u00daSICAS SE COMPLACE EN ANUNCIAR LAS NUEVAS AUTORIDADES DEL PROGRAMA"},"content":{"rendered":"<p><span data-sheets-value=\"{&quot;1&quot;:2,&quot;2&quot;:&quot;El Programa de Fomento de la M\u00fasicas Iberoamericanas IBERM\u00daSICAS tiene el agrado de anunciar que partir del mi\u00e9rcoles 10 de diciembre el Instituto Nacional de Bellas Artes de M\u00e9xico (INBA) presidir\u00e1 el Comit\u00e9 Intergubernamental del Programa Iberm\u00fasicas durante los pr\u00f3ximos tres a\u00f1os.&quot;}\" data-sheets-userformat=\"{&quot;2&quot;:513,&quot;3&quot;:{&quot;1&quot;:0},&quot;12&quot;:0}\">El Programa de Fomento de la M\u00fasicas Iberoamericanas IBERM\u00daSICAS tiene el agrado de anunciar que a\u00a0 partir del mi\u00e9rcoles 10 de diciembre el Instituto Nacional de Bellas Artes de M\u00e9xico (INBA) presidir\u00e1 el Comit\u00e9 Intergubernamental del Programa Iberm\u00fasicas durante los pr\u00f3ximos tres a\u00f1os.<\/span><\/p>\n","protected":false},"excerpt":{"rendered":"<p>El Programa de Fomento de la M\u00fasicas Iberoamericanas IBERM\u00daSICAS tiene el agrado de anunciar que a\u00a0 partir del mi\u00e9rcoles 10 de diciembre el Instituto Nacional de Bellas Artes de M\u00e9xico (INBA) presidir\u00e1 el Comit\u00e9 Intergubernamental del Programa Iberm\u00fasicas durante los pr\u00f3ximos tres a\u00f1os.<\/p>\n","protected":false},"author":1,"featured_media":5102,"comment_status":"closed","ping_status":"closed","sticky":false,"template":"","format":"standard","meta":{"footnotes":""},"categories":[53],"tags":[],"class_list":["post-5101","post","type-post","status-publish","format-standard","has-post-thumbnail","hentry","category-noticias-generales"],"lang":"es","translations":{"es":5101},"pll_sync_post":[],"post_mailing_queue_ids":[],"_links":{"self":[{"href":"http:\/\/staging.ibermusicas.org\/index.php\/wp-json\/wp\/v2\/posts\/5101","targetHints":{"allow":["GET"]}}],"collection":[{"href":"http:\/\/staging.ibermusicas.org\/index.php\/wp-json\/wp\/v2\/posts"}],"about":[{"href":"http:\/\/staging.ibermusicas.org\/index.php\/wp-json\/wp\/v2\/types\/post"}],"author":[{"embeddable":true,"href":"http:\/\/staging.ibermusicas.org\/index.php\/wp-json\/wp\/v2\/users\/1"}],"replies":[{"embeddable":true,"href":"http:\/\/staging.ibermusicas.org\/index.php\/wp-json\/wp\/v2\/comments?post=5101"}],"version-history":[{"count":1,"href":"http:\/\/staging.ibermusicas.org\/index.php\/wp-json\/wp\/v2\/posts\/5101\/revisions"}],"predecessor-version":[{"id":5103,"href":"http:\/\/staging.ibermusicas.org\/index.php\/wp-json\/wp\/v2\/posts\/5101\/revisions\/5103"}],"wp:featuredmedia":[{"embeddable":true,"href":"http:\/\/staging.ibermusicas.org\/index.php\/wp-json\/wp\/v2\/media\/5102"}],"wp:attachment":[{"href":"http:\/\/staging.ibermusicas.org\/index.php\/wp-json\/wp\/v2\/media?parent=5101"}],"wp:term":[{"taxonomy":"category","embeddable":true,"href":"http:\/\/staging.ibermusicas.org\/index.php\/wp-json\/wp\/v2\/categories?post=5101"},{"taxonomy":"post_tag","embeddable":true,"href":"http:\/\/staging.ibermusicas.org\/index.php\/wp-json\/wp\/v2\/tags?post=5101"}],"curies":[{"name":"wp","href":"https:\/\/api.w.org\/{rel}","templated":true}]}}