{"id":5113,"date":"2015-03-02T17:08:49","date_gmt":"2015-03-02T17:08:49","guid":{"rendered":"http:\/\/staging.ibermusicas.org\/?p=5113"},"modified":"2021-03-24T17:10:19","modified_gmt":"2021-03-24T17:10:19","slug":"se-estreno-en-uruguay-elegia-la-obra-ganadora-del-1-concurso-de-composicion-sinfonica","status":"publish","type":"post","link":"http:\/\/staging.ibermusicas.org\/index.php\/se-estreno-en-uruguay-elegia-la-obra-ganadora-del-1-concurso-de-composicion-sinfonica\/","title":{"rendered":"SE ESTREN\u00d3 EN URUGUAY ELEG\u00cdA, LA OBRA GANADORA DEL 1\u00b0 CONCURSO DE COMPOSICI\u00d3N SINF\u00d3NICA"},"content":{"rendered":"<p><span data-sheets-value=\"{&quot;1&quot;:2,&quot;2&quot;:&quot;El 21 de Febrero a las 20.30 hs en el Auditoria Nacional del SODRE, se realiz\u00f3 un extraordinario concierto, con el estreno de Eleg\u00eda, la obra de Ariel Hagman ganadora del 1\u00b0 Concurso de Composici\u00f3n Sinf\u00f3nica Iberm\u00fasicas 2013. Con la participaci\u00f3n de Ignacio Guido Montoya Carlotto, \u00c9lida Gencarelli y Carlos \\&quot;Negro\\&quot; Aguirre al piano, Hugo Fattoruso con el acorde\u00f3n, Sergio Fern\u00e1ndez con guitarra y la participaci\u00f3n especial de la actriz Estela Medina.&quot;}\" data-sheets-userformat=\"{&quot;2&quot;:513,&quot;3&quot;:{&quot;1&quot;:0},&quot;12&quot;:0}\">El 21 de Febrero a las 20.30 hs en el Auditoria Nacional del SODRE, se realiz\u00f3 un extraordinario concierto, con el estreno de Eleg\u00eda, la obra de Ariel Hagman ganadora del 1\u00b0 Concurso de Composici\u00f3n Sinf\u00f3nica Iberm\u00fasicas 2013. Con la participaci\u00f3n de Ignacio Guido Montoya Carlotto, \u00c9lida Gencarelli y Carlos \u00abNegro\u00bb Aguirre al piano, Hugo Fattoruso con el acorde\u00f3n, Sergio Fern\u00e1ndez con guitarra y la participaci\u00f3n especial de la actriz Estela Medina.<\/span><\/p>\n","protected":false},"excerpt":{"rendered":"<p>El 21 de Febrero a las 20.30 hs en el Auditoria Nacional del SODRE, se realiz\u00f3 un extraordinario concierto, con el estreno de Eleg\u00eda, la obra de Ariel Hagman ganadora del 1\u00b0 Concurso de Composici\u00f3n Sinf\u00f3nica Iberm\u00fasicas 2013. Con la participaci\u00f3n de Ignacio Guido Montoya Carlotto, \u00c9lida Gencarelli y Carlos \u00abNegro\u00bb Aguirre al piano, Hugo [&hellip;]<\/p>\n","protected":false},"author":1,"featured_media":5114,"comment_status":"closed","ping_status":"closed","sticky":false,"template":"","format":"standard","meta":{"footnotes":""},"categories":[53],"tags":[],"class_list":["post-5113","post","type-post","status-publish","format-standard","has-post-thumbnail","hentry","category-noticias-generales"],"lang":"es","translations":{"es":5113},"pll_sync_post":[],"post_mailing_queue_ids":[],"_links":{"self":[{"href":"http:\/\/staging.ibermusicas.org\/index.php\/wp-json\/wp\/v2\/posts\/5113","targetHints":{"allow":["GET"]}}],"collection":[{"href":"http:\/\/staging.ibermusicas.org\/index.php\/wp-json\/wp\/v2\/posts"}],"about":[{"href":"http:\/\/staging.ibermusicas.org\/index.php\/wp-json\/wp\/v2\/types\/post"}],"author":[{"embeddable":true,"href":"http:\/\/staging.ibermusicas.org\/index.php\/wp-json\/wp\/v2\/users\/1"}],"replies":[{"embeddable":true,"href":"http:\/\/staging.ibermusicas.org\/index.php\/wp-json\/wp\/v2\/comments?post=5113"}],"version-history":[{"count":1,"href":"http:\/\/staging.ibermusicas.org\/index.php\/wp-json\/wp\/v2\/posts\/5113\/revisions"}],"predecessor-version":[{"id":5115,"href":"http:\/\/staging.ibermusicas.org\/index.php\/wp-json\/wp\/v2\/posts\/5113\/revisions\/5115"}],"wp:featuredmedia":[{"embeddable":true,"href":"http:\/\/staging.ibermusicas.org\/index.php\/wp-json\/wp\/v2\/media\/5114"}],"wp:attachment":[{"href":"http:\/\/staging.ibermusicas.org\/index.php\/wp-json\/wp\/v2\/media?parent=5113"}],"wp:term":[{"taxonomy":"category","embeddable":true,"href":"http:\/\/staging.ibermusicas.org\/index.php\/wp-json\/wp\/v2\/categories?post=5113"},{"taxonomy":"post_tag","embeddable":true,"href":"http:\/\/staging.ibermusicas.org\/index.php\/wp-json\/wp\/v2\/tags?post=5113"}],"curies":[{"name":"wp","href":"https:\/\/api.w.org\/{rel}","templated":true}]}}