{"id":5116,"date":"2015-03-01T17:10:40","date_gmt":"2015-03-01T17:10:40","guid":{"rendered":"http:\/\/staging.ibermusicas.org\/?p=5116"},"modified":"2021-03-24T17:12:04","modified_gmt":"2021-03-24T17:12:04","slug":"el-compositor-mexicano-rodrigo-valdez-hermoso-comienza-su-residencia-en-colombia","status":"publish","type":"post","link":"http:\/\/staging.ibermusicas.org\/index.php\/el-compositor-mexicano-rodrigo-valdez-hermoso-comienza-su-residencia-en-colombia\/","title":{"rendered":"El compositor mexicano, Rodrigo Vald\u00e9z Hermoso, comienza su residencia en Colombia."},"content":{"rendered":"<p><span data-sheets-value=\"{&quot;1&quot;:2,&quot;2&quot;:&quot;Durante los meses de marzo y abril en la prestigiosa \\&quot;Universidad de los Andes\\&quot; de Bogot\u00e1, Colombia; el compositor mexicano Rodrigo Vald\u00e9s Hermoso realizar\u00e1 su Residencia Art\u00edstica impartiendo el \\&quot;Taller de composici\u00f3n y escritura para la voz\\&quot;.&quot;}\" data-sheets-userformat=\"{&quot;2&quot;:513,&quot;3&quot;:{&quot;1&quot;:0},&quot;12&quot;:0}\">Durante los meses de marzo y abril en la prestigiosa \u00abUniversidad de los Andes\u00bb de Bogot\u00e1, Colombia; el compositor mexicano Rodrigo Vald\u00e9s Hermoso realizar\u00e1 su Residencia Art\u00edstica impartiendo el \u00abTaller de composici\u00f3n y escritura para la voz\u00bb.<\/span><\/p>\n","protected":false},"excerpt":{"rendered":"<p>Durante los meses de marzo y abril en la prestigiosa \u00abUniversidad de los Andes\u00bb de Bogot\u00e1, Colombia; el compositor mexicano Rodrigo Vald\u00e9s Hermoso realizar\u00e1 su Residencia Art\u00edstica impartiendo el \u00abTaller de composici\u00f3n y escritura para la voz\u00bb.<\/p>\n","protected":false},"author":1,"featured_media":5117,"comment_status":"closed","ping_status":"closed","sticky":false,"template":"","format":"standard","meta":{"footnotes":""},"categories":[53],"tags":[],"class_list":["post-5116","post","type-post","status-publish","format-standard","has-post-thumbnail","hentry","category-noticias-generales"],"lang":"es","translations":{"es":5116},"pll_sync_post":[],"post_mailing_queue_ids":[],"_links":{"self":[{"href":"http:\/\/staging.ibermusicas.org\/index.php\/wp-json\/wp\/v2\/posts\/5116","targetHints":{"allow":["GET"]}}],"collection":[{"href":"http:\/\/staging.ibermusicas.org\/index.php\/wp-json\/wp\/v2\/posts"}],"about":[{"href":"http:\/\/staging.ibermusicas.org\/index.php\/wp-json\/wp\/v2\/types\/post"}],"author":[{"embeddable":true,"href":"http:\/\/staging.ibermusicas.org\/index.php\/wp-json\/wp\/v2\/users\/1"}],"replies":[{"embeddable":true,"href":"http:\/\/staging.ibermusicas.org\/index.php\/wp-json\/wp\/v2\/comments?post=5116"}],"version-history":[{"count":1,"href":"http:\/\/staging.ibermusicas.org\/index.php\/wp-json\/wp\/v2\/posts\/5116\/revisions"}],"predecessor-version":[{"id":5118,"href":"http:\/\/staging.ibermusicas.org\/index.php\/wp-json\/wp\/v2\/posts\/5116\/revisions\/5118"}],"wp:featuredmedia":[{"embeddable":true,"href":"http:\/\/staging.ibermusicas.org\/index.php\/wp-json\/wp\/v2\/media\/5117"}],"wp:attachment":[{"href":"http:\/\/staging.ibermusicas.org\/index.php\/wp-json\/wp\/v2\/media?parent=5116"}],"wp:term":[{"taxonomy":"category","embeddable":true,"href":"http:\/\/staging.ibermusicas.org\/index.php\/wp-json\/wp\/v2\/categories?post=5116"},{"taxonomy":"post_tag","embeddable":true,"href":"http:\/\/staging.ibermusicas.org\/index.php\/wp-json\/wp\/v2\/tags?post=5116"}],"curies":[{"name":"wp","href":"https:\/\/api.w.org\/{rel}","templated":true}]}}