{"id":5119,"date":"2015-03-10T17:12:11","date_gmt":"2015-03-10T17:12:11","guid":{"rendered":"http:\/\/staging.ibermusicas.org\/?p=5119"},"modified":"2021-03-24T17:13:41","modified_gmt":"2021-03-24T17:13:41","slug":"la-artista-peruana-miryam-quinones-viaja-a-espana-para-participar-del-festival-barnasants","status":"publish","type":"post","link":"http:\/\/staging.ibermusicas.org\/index.php\/la-artista-peruana-miryam-quinones-viaja-a-espana-para-participar-del-festival-barnasants\/","title":{"rendered":"La artista peruana, Miryam Qui\u00f1ones, viaja a Espa\u00f1a para participar del Festival Barnasants"},"content":{"rendered":"<p><span data-sheets-value=\"{&quot;1&quot;:2,&quot;2&quot;:&quot;La Artista Peruana Miryam Qui\u00f1ones, una de las m\u00e1s reconocidas y tenaces difusoras de la Canci\u00f3n de Autor Contempor\u00e1nea en el Per\u00fa, viaja a Barcelona para participar en la vig\u00e9sima edici\u00f3n del Festival Barnasants de la Canci\u00f3n de Autor.&quot;}\" data-sheets-userformat=\"{&quot;2&quot;:515,&quot;3&quot;:{&quot;1&quot;:0},&quot;4&quot;:{&quot;1&quot;:2,&quot;2&quot;:13822754},&quot;12&quot;:0}\">La Artista Peruana Miryam Qui\u00f1ones, una de las m\u00e1s reconocidas y tenaces difusoras de la Canci\u00f3n de Autor Contempor\u00e1nea en el Per\u00fa, viaja a Barcelona para participar en la vig\u00e9sima edici\u00f3n del Festival Barnasants de la Canci\u00f3n de Autor.<\/span><\/p>\n","protected":false},"excerpt":{"rendered":"<p>La Artista Peruana Miryam Qui\u00f1ones, una de las m\u00e1s reconocidas y tenaces difusoras de la Canci\u00f3n de Autor Contempor\u00e1nea en el Per\u00fa, viaja a Barcelona para participar en la vig\u00e9sima edici\u00f3n del Festival Barnasants de la Canci\u00f3n de Autor.<\/p>\n","protected":false},"author":1,"featured_media":5120,"comment_status":"closed","ping_status":"closed","sticky":false,"template":"","format":"standard","meta":{"footnotes":""},"categories":[53],"tags":[],"class_list":["post-5119","post","type-post","status-publish","format-standard","has-post-thumbnail","hentry","category-noticias-generales"],"lang":"es","translations":{"es":5119},"pll_sync_post":[],"post_mailing_queue_ids":[],"_links":{"self":[{"href":"http:\/\/staging.ibermusicas.org\/index.php\/wp-json\/wp\/v2\/posts\/5119","targetHints":{"allow":["GET"]}}],"collection":[{"href":"http:\/\/staging.ibermusicas.org\/index.php\/wp-json\/wp\/v2\/posts"}],"about":[{"href":"http:\/\/staging.ibermusicas.org\/index.php\/wp-json\/wp\/v2\/types\/post"}],"author":[{"embeddable":true,"href":"http:\/\/staging.ibermusicas.org\/index.php\/wp-json\/wp\/v2\/users\/1"}],"replies":[{"embeddable":true,"href":"http:\/\/staging.ibermusicas.org\/index.php\/wp-json\/wp\/v2\/comments?post=5119"}],"version-history":[{"count":1,"href":"http:\/\/staging.ibermusicas.org\/index.php\/wp-json\/wp\/v2\/posts\/5119\/revisions"}],"predecessor-version":[{"id":5121,"href":"http:\/\/staging.ibermusicas.org\/index.php\/wp-json\/wp\/v2\/posts\/5119\/revisions\/5121"}],"wp:featuredmedia":[{"embeddable":true,"href":"http:\/\/staging.ibermusicas.org\/index.php\/wp-json\/wp\/v2\/media\/5120"}],"wp:attachment":[{"href":"http:\/\/staging.ibermusicas.org\/index.php\/wp-json\/wp\/v2\/media?parent=5119"}],"wp:term":[{"taxonomy":"category","embeddable":true,"href":"http:\/\/staging.ibermusicas.org\/index.php\/wp-json\/wp\/v2\/categories?post=5119"},{"taxonomy":"post_tag","embeddable":true,"href":"http:\/\/staging.ibermusicas.org\/index.php\/wp-json\/wp\/v2\/tags?post=5119"}],"curies":[{"name":"wp","href":"https:\/\/api.w.org\/{rel}","templated":true}]}}