{"id":5122,"date":"2015-04-04T17:13:48","date_gmt":"2015-04-04T17:13:48","guid":{"rendered":"http:\/\/staging.ibermusicas.org\/?p=5122"},"modified":"2021-03-24T17:16:15","modified_gmt":"2021-03-24T17:16:15","slug":"se-realizo-la-viii-reunion-del-comite-intergubernamental-del-programa-de-fomento-de-las-musicas-iberoamericanas-ibermusicas","status":"publish","type":"post","link":"http:\/\/staging.ibermusicas.org\/index.php\/se-realizo-la-viii-reunion-del-comite-intergubernamental-del-programa-de-fomento-de-las-musicas-iberoamericanas-ibermusicas\/","title":{"rendered":"Se realiz\u00f3 la VIII Reuni\u00f3n del Comit\u00e9 Intergubernamental del Programa de Fomento de las M\u00fasicas Iberoamericanas IBERM\u00daSICAS"},"content":{"rendered":"<p><span data-sheets-value=\"{&quot;1&quot;:2,&quot;2&quot;:&quot;Los dias 17, 18 y 19 de Marzo, se llev\u00f3 a cabo en la Ciudad de Montevideo, Uruguay la VIII Reuni\u00f3n del Comit\u00e9 Intergubernamental del Programa de Fomento de las M\u00fasicas Iberoamericanas IBERM\u00daSICAS. La misma es organizada por el Ministerio de Educaci\u00f3n y Cultura de Uruguay (MEC).&quot;}\" data-sheets-userformat=\"{&quot;2&quot;:513,&quot;3&quot;:{&quot;1&quot;:0},&quot;12&quot;:0}\">Los dias 17, 18 y 19 de Marzo, se llev\u00f3 a cabo en la Ciudad de Montevideo, Uruguay la VIII Reuni\u00f3n del Comit\u00e9 Intergubernamental del Programa de Fomento de las M\u00fasicas Iberoamericanas IBERM\u00daSICAS. La misma es organizada por el Ministerio de Educaci\u00f3n y Cultura de Uruguay (MEC).<\/span><\/p>\n","protected":false},"excerpt":{"rendered":"<p>Los dias 17, 18 y 19 de Marzo, se llev\u00f3 a cabo en la Ciudad de Montevideo, Uruguay la VIII Reuni\u00f3n del Comit\u00e9 Intergubernamental del Programa de Fomento de las M\u00fasicas Iberoamericanas IBERM\u00daSICAS. La misma es organizada por el Ministerio de Educaci\u00f3n y Cultura de Uruguay (MEC).<\/p>\n","protected":false},"author":1,"featured_media":5124,"comment_status":"closed","ping_status":"closed","sticky":false,"template":"","format":"standard","meta":{"footnotes":""},"categories":[53],"tags":[],"class_list":["post-5122","post","type-post","status-publish","format-standard","has-post-thumbnail","hentry","category-noticias-generales"],"lang":"es","translations":{"es":5122},"pll_sync_post":[],"post_mailing_queue_ids":[],"_links":{"self":[{"href":"http:\/\/staging.ibermusicas.org\/index.php\/wp-json\/wp\/v2\/posts\/5122","targetHints":{"allow":["GET"]}}],"collection":[{"href":"http:\/\/staging.ibermusicas.org\/index.php\/wp-json\/wp\/v2\/posts"}],"about":[{"href":"http:\/\/staging.ibermusicas.org\/index.php\/wp-json\/wp\/v2\/types\/post"}],"author":[{"embeddable":true,"href":"http:\/\/staging.ibermusicas.org\/index.php\/wp-json\/wp\/v2\/users\/1"}],"replies":[{"embeddable":true,"href":"http:\/\/staging.ibermusicas.org\/index.php\/wp-json\/wp\/v2\/comments?post=5122"}],"version-history":[{"count":1,"href":"http:\/\/staging.ibermusicas.org\/index.php\/wp-json\/wp\/v2\/posts\/5122\/revisions"}],"predecessor-version":[{"id":5123,"href":"http:\/\/staging.ibermusicas.org\/index.php\/wp-json\/wp\/v2\/posts\/5122\/revisions\/5123"}],"wp:featuredmedia":[{"embeddable":true,"href":"http:\/\/staging.ibermusicas.org\/index.php\/wp-json\/wp\/v2\/media\/5124"}],"wp:attachment":[{"href":"http:\/\/staging.ibermusicas.org\/index.php\/wp-json\/wp\/v2\/media?parent=5122"}],"wp:term":[{"taxonomy":"category","embeddable":true,"href":"http:\/\/staging.ibermusicas.org\/index.php\/wp-json\/wp\/v2\/categories?post=5122"},{"taxonomy":"post_tag","embeddable":true,"href":"http:\/\/staging.ibermusicas.org\/index.php\/wp-json\/wp\/v2\/tags?post=5122"}],"curies":[{"name":"wp","href":"https:\/\/api.w.org\/{rel}","templated":true}]}}