{"id":5129,"date":"2015-03-15T17:18:11","date_gmt":"2015-03-15T17:18:11","guid":{"rendered":"http:\/\/staging.ibermusicas.org\/?p=5129"},"modified":"2021-03-24T17:20:15","modified_gmt":"2021-03-24T17:20:15","slug":"se-realiza-en-nueva-york-un-concierto-a-traves-de-la-convocatoria-coda-ibermusicas","status":"publish","type":"post","link":"http:\/\/staging.ibermusicas.org\/index.php\/se-realiza-en-nueva-york-un-concierto-a-traves-de-la-convocatoria-coda-ibermusicas\/","title":{"rendered":"SE REALIZA EN NUEVA YORK, UN CONCIERTO A TRAV\u00c9S DE LA CONVOCATORIA CODA &#8211; IBERM\u00daSICAS"},"content":{"rendered":"<p><span data-sheets-value=\"{&quot;1&quot;:2,&quot;2&quot;:&quot;En el marco del convenio entre Iberm\u00fasicas y el College Orchestra Directors Association, Alejandro Mel\u00e9ndez Pino de Chile dirigir\u00e1 en la \\&quot;City University of New York\\&quot; un concierto con un repertorio \u00edntegramente basado en compositores latinoamericanos.&quot;}\" data-sheets-userformat=\"{&quot;2&quot;:513,&quot;3&quot;:{&quot;1&quot;:0},&quot;12&quot;:0}\">En el marco del convenio entre Iberm\u00fasicas y el College Orchestra Directors Association, Alejandro Mel\u00e9ndez Pino de Chile dirigir\u00e1 en la \u00abCity University of New York\u00bb un concierto con un repertorio \u00edntegramente basado en compositores latinoamericanos.<\/span><\/p>\n","protected":false},"excerpt":{"rendered":"<p>En el marco del convenio entre Iberm\u00fasicas y el College Orchestra Directors Association, Alejandro Mel\u00e9ndez Pino de Chile dirigir\u00e1 en la \u00abCity University of New York\u00bb un concierto con un repertorio \u00edntegramente basado en compositores latinoamericanos.<\/p>\n","protected":false},"author":1,"featured_media":5130,"comment_status":"closed","ping_status":"closed","sticky":false,"template":"","format":"standard","meta":{"footnotes":""},"categories":[53],"tags":[],"class_list":["post-5129","post","type-post","status-publish","format-standard","has-post-thumbnail","hentry","category-noticias-generales"],"lang":"es","translations":{"es":5129},"pll_sync_post":[],"post_mailing_queue_ids":[],"_links":{"self":[{"href":"http:\/\/staging.ibermusicas.org\/index.php\/wp-json\/wp\/v2\/posts\/5129","targetHints":{"allow":["GET"]}}],"collection":[{"href":"http:\/\/staging.ibermusicas.org\/index.php\/wp-json\/wp\/v2\/posts"}],"about":[{"href":"http:\/\/staging.ibermusicas.org\/index.php\/wp-json\/wp\/v2\/types\/post"}],"author":[{"embeddable":true,"href":"http:\/\/staging.ibermusicas.org\/index.php\/wp-json\/wp\/v2\/users\/1"}],"replies":[{"embeddable":true,"href":"http:\/\/staging.ibermusicas.org\/index.php\/wp-json\/wp\/v2\/comments?post=5129"}],"version-history":[{"count":1,"href":"http:\/\/staging.ibermusicas.org\/index.php\/wp-json\/wp\/v2\/posts\/5129\/revisions"}],"predecessor-version":[{"id":5131,"href":"http:\/\/staging.ibermusicas.org\/index.php\/wp-json\/wp\/v2\/posts\/5129\/revisions\/5131"}],"wp:featuredmedia":[{"embeddable":true,"href":"http:\/\/staging.ibermusicas.org\/index.php\/wp-json\/wp\/v2\/media\/5130"}],"wp:attachment":[{"href":"http:\/\/staging.ibermusicas.org\/index.php\/wp-json\/wp\/v2\/media?parent=5129"}],"wp:term":[{"taxonomy":"category","embeddable":true,"href":"http:\/\/staging.ibermusicas.org\/index.php\/wp-json\/wp\/v2\/categories?post=5129"},{"taxonomy":"post_tag","embeddable":true,"href":"http:\/\/staging.ibermusicas.org\/index.php\/wp-json\/wp\/v2\/tags?post=5129"}],"curies":[{"name":"wp","href":"https:\/\/api.w.org\/{rel}","templated":true}]}}