{"id":5142,"date":"2015-07-24T17:24:26","date_gmt":"2015-07-24T17:24:26","guid":{"rendered":"http:\/\/staging.ibermusicas.org\/?p=5142"},"modified":"2021-03-24T17:25:43","modified_gmt":"2021-03-24T17:25:43","slug":"el-uruguayo-sebastian-segarra-comienza-su-residencia-en-argentina","status":"publish","type":"post","link":"http:\/\/staging.ibermusicas.org\/index.php\/el-uruguayo-sebastian-segarra-comienza-su-residencia-en-argentina\/","title":{"rendered":"El uruguayo Sebasti\u00e1n Segarra comienza su residencia en Argentina"},"content":{"rendered":"<p><span data-sheets-value=\"{&quot;1&quot;:2,&quot;2&quot;:&quot;Comienza su trabajo de creaci\u00f3n de una serie de cinco piezas para guitarra y peque\u00f1o ensamble. El proceso de composici\u00f3n estar\u00e1 enmarcado dentro de la realizaci\u00f3n de cursos de armon\u00eda y composici\u00f3n con dos m\u00fasicos y compositores de m\u00fasica tradicional y m\u00fasica contempor\u00e1nea de argentina.&quot;}\" data-sheets-userformat=\"{&quot;2&quot;:513,&quot;3&quot;:{&quot;1&quot;:0},&quot;12&quot;:0}\">Comienza su trabajo de creaci\u00f3n de una serie de cinco piezas para guitarra y peque\u00f1o ensamble. El proceso de composici\u00f3n estar\u00e1 enmarcado dentro de la realizaci\u00f3n de cursos de armon\u00eda y composici\u00f3n con dos m\u00fasicos y compositores de m\u00fasica tradicional y m\u00fasica contempor\u00e1nea de Argentina.<\/span><\/p>\n","protected":false},"excerpt":{"rendered":"<p>Comienza su trabajo de creaci\u00f3n de una serie de cinco piezas para guitarra y peque\u00f1o ensamble. El proceso de composici\u00f3n estar\u00e1 enmarcado dentro de la realizaci\u00f3n de cursos de armon\u00eda y composici\u00f3n con dos m\u00fasicos y compositores de m\u00fasica tradicional y m\u00fasica contempor\u00e1nea de Argentina.<\/p>\n","protected":false},"author":1,"featured_media":5143,"comment_status":"closed","ping_status":"closed","sticky":false,"template":"","format":"standard","meta":{"footnotes":""},"categories":[53],"tags":[],"class_list":["post-5142","post","type-post","status-publish","format-standard","has-post-thumbnail","hentry","category-noticias-generales"],"lang":"es","translations":{"es":5142},"pll_sync_post":[],"post_mailing_queue_ids":[],"_links":{"self":[{"href":"http:\/\/staging.ibermusicas.org\/index.php\/wp-json\/wp\/v2\/posts\/5142","targetHints":{"allow":["GET"]}}],"collection":[{"href":"http:\/\/staging.ibermusicas.org\/index.php\/wp-json\/wp\/v2\/posts"}],"about":[{"href":"http:\/\/staging.ibermusicas.org\/index.php\/wp-json\/wp\/v2\/types\/post"}],"author":[{"embeddable":true,"href":"http:\/\/staging.ibermusicas.org\/index.php\/wp-json\/wp\/v2\/users\/1"}],"replies":[{"embeddable":true,"href":"http:\/\/staging.ibermusicas.org\/index.php\/wp-json\/wp\/v2\/comments?post=5142"}],"version-history":[{"count":1,"href":"http:\/\/staging.ibermusicas.org\/index.php\/wp-json\/wp\/v2\/posts\/5142\/revisions"}],"predecessor-version":[{"id":5144,"href":"http:\/\/staging.ibermusicas.org\/index.php\/wp-json\/wp\/v2\/posts\/5142\/revisions\/5144"}],"wp:featuredmedia":[{"embeddable":true,"href":"http:\/\/staging.ibermusicas.org\/index.php\/wp-json\/wp\/v2\/media\/5143"}],"wp:attachment":[{"href":"http:\/\/staging.ibermusicas.org\/index.php\/wp-json\/wp\/v2\/media?parent=5142"}],"wp:term":[{"taxonomy":"category","embeddable":true,"href":"http:\/\/staging.ibermusicas.org\/index.php\/wp-json\/wp\/v2\/categories?post=5142"},{"taxonomy":"post_tag","embeddable":true,"href":"http:\/\/staging.ibermusicas.org\/index.php\/wp-json\/wp\/v2\/tags?post=5142"}],"curies":[{"name":"wp","href":"https:\/\/api.w.org\/{rel}","templated":true}]}}