{"id":5148,"date":"2015-08-24T17:27:24","date_gmt":"2015-08-24T17:27:24","guid":{"rendered":"http:\/\/staging.ibermusicas.org\/?p=5148"},"modified":"2021-03-24T17:28:46","modified_gmt":"2021-03-24T17:28:46","slug":"el-grupo-mexicano-arreolacarballo-comienza-su-gira-por-argentina-chile-paraguay-y-uruguay","status":"publish","type":"post","link":"http:\/\/staging.ibermusicas.org\/index.php\/el-grupo-mexicano-arreolacarballo-comienza-su-gira-por-argentina-chile-paraguay-y-uruguay\/","title":{"rendered":"El grupo mexicano Arreola+Carballo  comienza su gira por  Argentina, Chile, Paraguay y Uruguay"},"content":{"rendered":"<p><span data-sheets-value=\"{&quot;1&quot;:2,&quot;2&quot;:&quot;El power tr\u00edo de los hermanos Arreola unidos al poeta ind\u00edgena Mardonio Carballo. Juntos llevan adelante un trabajo de \u201cpoes\u00eda extendida\u201d trayendo al presente una de las m\u00e1s hermosas lenguas de latinoamerica, el n\u00e1huatl, poni\u00e9ndola en di\u00e1logo con un discurso sonoro l\u00fadico y universal.&quot;}\" data-sheets-userformat=\"{&quot;2&quot;:513,&quot;3&quot;:{&quot;1&quot;:0},&quot;12&quot;:0}\">El power tr\u00edo de los hermanos Arreola unidos al poeta ind\u00edgena Mardonio Carballo. Juntos llevan adelante un trabajo de \u201cpoes\u00eda extendida\u201d trayendo al presente una de las m\u00e1s hermosas lenguas de latinoamerica, el n\u00e1huatl, poni\u00e9ndola en di\u00e1logo con un discurso sonoro l\u00fadico y universal.<\/span><\/p>\n","protected":false},"excerpt":{"rendered":"<p>El power tr\u00edo de los hermanos Arreola unidos al poeta ind\u00edgena Mardonio Carballo. Juntos llevan adelante un trabajo de \u201cpoes\u00eda extendida\u201d trayendo al presente una de las m\u00e1s hermosas lenguas de latinoamerica, el n\u00e1huatl, poni\u00e9ndola en di\u00e1logo con un discurso sonoro l\u00fadico y universal.<\/p>\n","protected":false},"author":1,"featured_media":5149,"comment_status":"closed","ping_status":"closed","sticky":false,"template":"","format":"standard","meta":{"footnotes":""},"categories":[53],"tags":[],"class_list":["post-5148","post","type-post","status-publish","format-standard","has-post-thumbnail","hentry","category-noticias-generales"],"lang":"es","translations":{"es":5148},"pll_sync_post":[],"post_mailing_queue_ids":[],"_links":{"self":[{"href":"http:\/\/staging.ibermusicas.org\/index.php\/wp-json\/wp\/v2\/posts\/5148","targetHints":{"allow":["GET"]}}],"collection":[{"href":"http:\/\/staging.ibermusicas.org\/index.php\/wp-json\/wp\/v2\/posts"}],"about":[{"href":"http:\/\/staging.ibermusicas.org\/index.php\/wp-json\/wp\/v2\/types\/post"}],"author":[{"embeddable":true,"href":"http:\/\/staging.ibermusicas.org\/index.php\/wp-json\/wp\/v2\/users\/1"}],"replies":[{"embeddable":true,"href":"http:\/\/staging.ibermusicas.org\/index.php\/wp-json\/wp\/v2\/comments?post=5148"}],"version-history":[{"count":1,"href":"http:\/\/staging.ibermusicas.org\/index.php\/wp-json\/wp\/v2\/posts\/5148\/revisions"}],"predecessor-version":[{"id":5150,"href":"http:\/\/staging.ibermusicas.org\/index.php\/wp-json\/wp\/v2\/posts\/5148\/revisions\/5150"}],"wp:featuredmedia":[{"embeddable":true,"href":"http:\/\/staging.ibermusicas.org\/index.php\/wp-json\/wp\/v2\/media\/5149"}],"wp:attachment":[{"href":"http:\/\/staging.ibermusicas.org\/index.php\/wp-json\/wp\/v2\/media?parent=5148"}],"wp:term":[{"taxonomy":"category","embeddable":true,"href":"http:\/\/staging.ibermusicas.org\/index.php\/wp-json\/wp\/v2\/categories?post=5148"},{"taxonomy":"post_tag","embeddable":true,"href":"http:\/\/staging.ibermusicas.org\/index.php\/wp-json\/wp\/v2\/tags?post=5148"}],"curies":[{"name":"wp","href":"https:\/\/api.w.org\/{rel}","templated":true}]}}