{"id":5151,"date":"2015-09-24T17:29:03","date_gmt":"2015-09-24T17:29:03","guid":{"rendered":"http:\/\/staging.ibermusicas.org\/?p=5151"},"modified":"2021-03-24T17:29:54","modified_gmt":"2021-03-24T17:29:54","slug":"el-duo-mei-musica-para-flautas-de-argentina-viaja-a-colombia-para-participar-del-circuito-colombiano-de-compositores","status":"publish","type":"post","link":"http:\/\/staging.ibermusicas.org\/index.php\/el-duo-mei-musica-para-flautas-de-argentina-viaja-a-colombia-para-participar-del-circuito-colombiano-de-compositores\/","title":{"rendered":"El d\u00fao MEI-m\u00fasica para flautas de Argentina viaja a Colombia para participar del \u00abCircuito Colombiano de Compositores\u00bb"},"content":{"rendered":"<p><span data-sheets-value=\"{&quot;1&quot;:2,&quot;2&quot;:&quot;El d\u00fao de flautas conformado por las prestigiosas Patricia Garc\u00eda y Juliana Moreno realizar\u00e1 conciertos y seminarios en el \\&quot;Circuito Colombiano de Compositores\\&quot; con su repertorio de m\u00fasica contempor\u00e1nea para flautas centrado en la obra de compositores argentinos y latinoamericanos. El repertorio est\u00e1 constituido por obras de la segunda mitad del siglo XX y del nuevo siglo, muchas de ellas compuestas especialmente para el d\u00fao. &quot;}\" data-sheets-userformat=\"{&quot;2&quot;:513,&quot;3&quot;:{&quot;1&quot;:0},&quot;12&quot;:0}\">El d\u00fao de flautas conformado por las prestigiosas Patricia Garc\u00eda y Juliana Moreno realizar\u00e1 conciertos y seminarios en el \u00abCircuito Colombiano de Compositores\u00bb con su repertorio de m\u00fasica contempor\u00e1nea para flautas centrado en la obra de compositores argentinos y latinoamericanos. El repertorio est\u00e1 constituido por obras de la segunda mitad del siglo XX y del nuevo siglo, muchas de ellas compuestas especialmente para el d\u00fao. <\/span><\/p>\n","protected":false},"excerpt":{"rendered":"<p>El d\u00fao de flautas conformado por las prestigiosas Patricia Garc\u00eda y Juliana Moreno realizar\u00e1 conciertos y seminarios en el \u00abCircuito Colombiano de Compositores\u00bb con su repertorio de m\u00fasica contempor\u00e1nea para flautas centrado en la obra de compositores argentinos y latinoamericanos. El repertorio est\u00e1 constituido por obras de la segunda mitad del siglo XX y del [&hellip;]<\/p>\n","protected":false},"author":1,"featured_media":5152,"comment_status":"closed","ping_status":"closed","sticky":false,"template":"","format":"standard","meta":{"footnotes":""},"categories":[53],"tags":[],"class_list":["post-5151","post","type-post","status-publish","format-standard","has-post-thumbnail","hentry","category-noticias-generales"],"lang":"es","translations":{"es":5151},"pll_sync_post":[],"post_mailing_queue_ids":[],"_links":{"self":[{"href":"http:\/\/staging.ibermusicas.org\/index.php\/wp-json\/wp\/v2\/posts\/5151","targetHints":{"allow":["GET"]}}],"collection":[{"href":"http:\/\/staging.ibermusicas.org\/index.php\/wp-json\/wp\/v2\/posts"}],"about":[{"href":"http:\/\/staging.ibermusicas.org\/index.php\/wp-json\/wp\/v2\/types\/post"}],"author":[{"embeddable":true,"href":"http:\/\/staging.ibermusicas.org\/index.php\/wp-json\/wp\/v2\/users\/1"}],"replies":[{"embeddable":true,"href":"http:\/\/staging.ibermusicas.org\/index.php\/wp-json\/wp\/v2\/comments?post=5151"}],"version-history":[{"count":1,"href":"http:\/\/staging.ibermusicas.org\/index.php\/wp-json\/wp\/v2\/posts\/5151\/revisions"}],"predecessor-version":[{"id":5153,"href":"http:\/\/staging.ibermusicas.org\/index.php\/wp-json\/wp\/v2\/posts\/5151\/revisions\/5153"}],"wp:featuredmedia":[{"embeddable":true,"href":"http:\/\/staging.ibermusicas.org\/index.php\/wp-json\/wp\/v2\/media\/5152"}],"wp:attachment":[{"href":"http:\/\/staging.ibermusicas.org\/index.php\/wp-json\/wp\/v2\/media?parent=5151"}],"wp:term":[{"taxonomy":"category","embeddable":true,"href":"http:\/\/staging.ibermusicas.org\/index.php\/wp-json\/wp\/v2\/categories?post=5151"},{"taxonomy":"post_tag","embeddable":true,"href":"http:\/\/staging.ibermusicas.org\/index.php\/wp-json\/wp\/v2\/tags?post=5151"}],"curies":[{"name":"wp","href":"https:\/\/api.w.org\/{rel}","templated":true}]}}