{"id":5154,"date":"2015-10-24T17:30:08","date_gmt":"2015-10-24T17:30:08","guid":{"rendered":"http:\/\/staging.ibermusicas.org\/?p=5154"},"modified":"2021-03-24T17:30:56","modified_gmt":"2021-03-24T17:30:56","slug":"la-agrupacion-peruana-la-nueva-invasion-se-presento-en-el-festival-cultura-cumbia-de-argentina","status":"publish","type":"post","link":"http:\/\/staging.ibermusicas.org\/index.php\/la-agrupacion-peruana-la-nueva-invasion-se-presento-en-el-festival-cultura-cumbia-de-argentina\/","title":{"rendered":"La agrupaci\u00f3n peruana La Nueva Invasi\u00f3n se present\u00f3 en el Festival Cultura Cumbia de Argentina"},"content":{"rendered":"<p><span data-sheets-value=\"{&quot;1&quot;:2,&quot;2&quot;:&quot;Llega desde Per\u00fa el poderos\u00edsimo combo \u201cLa Nueva Invasi\u00f3n\u201d para presentarse el 4 de abril en el Galp\u00f3n de las Artes de la ciudad de La Plata, Argentina, en el marco del festival \u201cCultura Cumbia\u201d.&quot;}\" data-sheets-userformat=\"{&quot;2&quot;:513,&quot;3&quot;:{&quot;1&quot;:0},&quot;12&quot;:0}\">Llega desde Per\u00fa el poderos\u00edsimo combo \u201cLa Nueva Invasi\u00f3n\u201d para presentarse el 4 de abril en el Galp\u00f3n de las Artes de la ciudad de La Plata, Argentina, en el marco del festival \u201cCultura Cumbia\u201d.<\/span><\/p>\n","protected":false},"excerpt":{"rendered":"<p>Llega desde Per\u00fa el poderos\u00edsimo combo \u201cLa Nueva Invasi\u00f3n\u201d para presentarse el 4 de abril en el Galp\u00f3n de las Artes de la ciudad de La Plata, Argentina, en el marco del festival \u201cCultura Cumbia\u201d.<\/p>\n","protected":false},"author":1,"featured_media":5155,"comment_status":"closed","ping_status":"closed","sticky":false,"template":"","format":"standard","meta":{"footnotes":""},"categories":[53],"tags":[],"class_list":["post-5154","post","type-post","status-publish","format-standard","has-post-thumbnail","hentry","category-noticias-generales"],"lang":"es","translations":{"es":5154},"pll_sync_post":[],"post_mailing_queue_ids":[],"_links":{"self":[{"href":"http:\/\/staging.ibermusicas.org\/index.php\/wp-json\/wp\/v2\/posts\/5154","targetHints":{"allow":["GET"]}}],"collection":[{"href":"http:\/\/staging.ibermusicas.org\/index.php\/wp-json\/wp\/v2\/posts"}],"about":[{"href":"http:\/\/staging.ibermusicas.org\/index.php\/wp-json\/wp\/v2\/types\/post"}],"author":[{"embeddable":true,"href":"http:\/\/staging.ibermusicas.org\/index.php\/wp-json\/wp\/v2\/users\/1"}],"replies":[{"embeddable":true,"href":"http:\/\/staging.ibermusicas.org\/index.php\/wp-json\/wp\/v2\/comments?post=5154"}],"version-history":[{"count":2,"href":"http:\/\/staging.ibermusicas.org\/index.php\/wp-json\/wp\/v2\/posts\/5154\/revisions"}],"predecessor-version":[{"id":5157,"href":"http:\/\/staging.ibermusicas.org\/index.php\/wp-json\/wp\/v2\/posts\/5154\/revisions\/5157"}],"wp:featuredmedia":[{"embeddable":true,"href":"http:\/\/staging.ibermusicas.org\/index.php\/wp-json\/wp\/v2\/media\/5155"}],"wp:attachment":[{"href":"http:\/\/staging.ibermusicas.org\/index.php\/wp-json\/wp\/v2\/media?parent=5154"}],"wp:term":[{"taxonomy":"category","embeddable":true,"href":"http:\/\/staging.ibermusicas.org\/index.php\/wp-json\/wp\/v2\/categories?post=5154"},{"taxonomy":"post_tag","embeddable":true,"href":"http:\/\/staging.ibermusicas.org\/index.php\/wp-json\/wp\/v2\/tags?post=5154"}],"curies":[{"name":"wp","href":"https:\/\/api.w.org\/{rel}","templated":true}]}}