{"id":5162,"date":"2015-04-03T17:33:45","date_gmt":"2015-04-03T17:33:45","guid":{"rendered":"http:\/\/staging.ibermusicas.org\/?p=5162"},"modified":"2021-03-24T17:35:03","modified_gmt":"2021-03-24T17:35:03","slug":"el-compositor-mexicano-rodrigo-valdes-hermoso-realizara-un-ciclo-de-conferencias-en-la-universidad-de-los-andes-de-colombia","status":"publish","type":"post","link":"http:\/\/staging.ibermusicas.org\/index.php\/el-compositor-mexicano-rodrigo-valdes-hermoso-realizara-un-ciclo-de-conferencias-en-la-universidad-de-los-andes-de-colombia\/","title":{"rendered":"El compositor mexicano, Rodrigo Vald\u00e9s Hermoso, realizar\u00e1 un ciclo de conferencias en la Universidad de los Andes de Colombia"},"content":{"rendered":"<p><span data-sheets-value=\"{&quot;1&quot;:2,&quot;2&quot;:&quot;El 15 y 16 de Abril, como parte de la residencia obtenida a trav\u00e9s de las convocatorias de IBERM\u00daSICAS, el compositor mexicano Rodrigo Vald\u00e9s Hermoso realizar\u00e1 un ciclo de conferencias en Colombia.\\r &quot;}\" data-sheets-userformat=\"{&quot;2&quot;:513,&quot;3&quot;:{&quot;1&quot;:0},&quot;12&quot;:0}\">El 15 y 16 de Abril, como parte de la residencia obtenida a trav\u00e9s de las convocatorias de IBERM\u00daSICAS, el compositor mexicano Rodrigo Vald\u00e9s Hermoso realizar\u00e1 un ciclo de conferencias en Colombia. <\/span><\/p>\n","protected":false},"excerpt":{"rendered":"<p>El 15 y 16 de Abril, como parte de la residencia obtenida a trav\u00e9s de las convocatorias de IBERM\u00daSICAS, el compositor mexicano Rodrigo Vald\u00e9s Hermoso realizar\u00e1 un ciclo de conferencias en Colombia.<\/p>\n","protected":false},"author":1,"featured_media":5163,"comment_status":"closed","ping_status":"closed","sticky":false,"template":"","format":"standard","meta":{"footnotes":""},"categories":[53],"tags":[],"class_list":["post-5162","post","type-post","status-publish","format-standard","has-post-thumbnail","hentry","category-noticias-generales"],"lang":"es","translations":{"es":5162},"pll_sync_post":[],"post_mailing_queue_ids":[],"_links":{"self":[{"href":"http:\/\/staging.ibermusicas.org\/index.php\/wp-json\/wp\/v2\/posts\/5162","targetHints":{"allow":["GET"]}}],"collection":[{"href":"http:\/\/staging.ibermusicas.org\/index.php\/wp-json\/wp\/v2\/posts"}],"about":[{"href":"http:\/\/staging.ibermusicas.org\/index.php\/wp-json\/wp\/v2\/types\/post"}],"author":[{"embeddable":true,"href":"http:\/\/staging.ibermusicas.org\/index.php\/wp-json\/wp\/v2\/users\/1"}],"replies":[{"embeddable":true,"href":"http:\/\/staging.ibermusicas.org\/index.php\/wp-json\/wp\/v2\/comments?post=5162"}],"version-history":[{"count":1,"href":"http:\/\/staging.ibermusicas.org\/index.php\/wp-json\/wp\/v2\/posts\/5162\/revisions"}],"predecessor-version":[{"id":5164,"href":"http:\/\/staging.ibermusicas.org\/index.php\/wp-json\/wp\/v2\/posts\/5162\/revisions\/5164"}],"wp:featuredmedia":[{"embeddable":true,"href":"http:\/\/staging.ibermusicas.org\/index.php\/wp-json\/wp\/v2\/media\/5163"}],"wp:attachment":[{"href":"http:\/\/staging.ibermusicas.org\/index.php\/wp-json\/wp\/v2\/media?parent=5162"}],"wp:term":[{"taxonomy":"category","embeddable":true,"href":"http:\/\/staging.ibermusicas.org\/index.php\/wp-json\/wp\/v2\/categories?post=5162"},{"taxonomy":"post_tag","embeddable":true,"href":"http:\/\/staging.ibermusicas.org\/index.php\/wp-json\/wp\/v2\/tags?post=5162"}],"curies":[{"name":"wp","href":"https:\/\/api.w.org\/{rel}","templated":true}]}}