{"id":5165,"date":"2015-05-03T17:35:10","date_gmt":"2015-05-03T17:35:10","guid":{"rendered":"http:\/\/staging.ibermusicas.org\/?p=5165"},"modified":"2021-03-24T17:36:34","modified_gmt":"2021-03-24T17:36:34","slug":"la-secretaria-nacional-de-cultura-y-la-orquesta-sinfonica-nacional-de-paraguay-realizaron-charlas-sobre-las-convocatorias-ibermusicas-2015","status":"publish","type":"post","link":"http:\/\/staging.ibermusicas.org\/index.php\/la-secretaria-nacional-de-cultura-y-la-orquesta-sinfonica-nacional-de-paraguay-realizaron-charlas-sobre-las-convocatorias-ibermusicas-2015\/","title":{"rendered":"La Secretar\u00eda Nacional de Cultura y la Orquesta Sinf\u00f3nica Nacional de Paraguay realizaron charlas sobre las convocatorias Iberm\u00fasicas 2015"},"content":{"rendered":"<p><span data-sheets-value=\"{&quot;1&quot;:2,&quot;2&quot;:&quot;En el marco del lanzamiento de las convocatorias y concursos 2015 de Iberm\u00fasicas, la Secretar\u00eda Nacional de Cultura (SNC) y la Orquesta Sinf\u00f3nica Nacional (OSN)  realizaron charlas instructivas, durante el 16 y 17 de abril, con la presencia del maestro Sergio Ram\u00edrez C\u00e1rdenas de M\u00e9xico, presidente del Comit\u00e9 Intergubernamental de Iberm\u00fasicas y de Micaela Gurevich de Argentina, coordinadora de la Unidad T\u00e9cnica.&quot;}\" data-sheets-userformat=\"{&quot;2&quot;:513,&quot;3&quot;:{&quot;1&quot;:0},&quot;12&quot;:0}\">En el marco del lanzamiento de las convocatorias y concursos 2015 de Iberm\u00fasicas, la Secretar\u00eda Nacional de Cultura (SNC) y la Orquesta Sinf\u00f3nica Nacional (OSN) realizaron charlas instructivas, durante el 16 y 17 de abril, con la presencia del maestro Sergio Ram\u00edrez C\u00e1rdenas de M\u00e9xico, presidente del Comit\u00e9 Intergubernamental de Iberm\u00fasicas y de Micaela Gurevich de Argentina, coordinadora de la Unidad T\u00e9cnica.<\/span><\/p>\n","protected":false},"excerpt":{"rendered":"<p>En el marco del lanzamiento de las convocatorias y concursos 2015 de Iberm\u00fasicas, la Secretar\u00eda Nacional de Cultura (SNC) y la Orquesta Sinf\u00f3nica Nacional (OSN) realizaron charlas instructivas, durante el 16 y 17 de abril, con la presencia del maestro Sergio Ram\u00edrez C\u00e1rdenas de M\u00e9xico, presidente del Comit\u00e9 Intergubernamental de Iberm\u00fasicas y de Micaela Gurevich [&hellip;]<\/p>\n","protected":false},"author":1,"featured_media":5166,"comment_status":"closed","ping_status":"closed","sticky":false,"template":"","format":"standard","meta":{"footnotes":""},"categories":[53],"tags":[],"class_list":["post-5165","post","type-post","status-publish","format-standard","has-post-thumbnail","hentry","category-noticias-generales"],"lang":"es","translations":{"es":5165},"pll_sync_post":[],"post_mailing_queue_ids":[],"_links":{"self":[{"href":"http:\/\/staging.ibermusicas.org\/index.php\/wp-json\/wp\/v2\/posts\/5165","targetHints":{"allow":["GET"]}}],"collection":[{"href":"http:\/\/staging.ibermusicas.org\/index.php\/wp-json\/wp\/v2\/posts"}],"about":[{"href":"http:\/\/staging.ibermusicas.org\/index.php\/wp-json\/wp\/v2\/types\/post"}],"author":[{"embeddable":true,"href":"http:\/\/staging.ibermusicas.org\/index.php\/wp-json\/wp\/v2\/users\/1"}],"replies":[{"embeddable":true,"href":"http:\/\/staging.ibermusicas.org\/index.php\/wp-json\/wp\/v2\/comments?post=5165"}],"version-history":[{"count":1,"href":"http:\/\/staging.ibermusicas.org\/index.php\/wp-json\/wp\/v2\/posts\/5165\/revisions"}],"predecessor-version":[{"id":5167,"href":"http:\/\/staging.ibermusicas.org\/index.php\/wp-json\/wp\/v2\/posts\/5165\/revisions\/5167"}],"wp:featuredmedia":[{"embeddable":true,"href":"http:\/\/staging.ibermusicas.org\/index.php\/wp-json\/wp\/v2\/media\/5166"}],"wp:attachment":[{"href":"http:\/\/staging.ibermusicas.org\/index.php\/wp-json\/wp\/v2\/media?parent=5165"}],"wp:term":[{"taxonomy":"category","embeddable":true,"href":"http:\/\/staging.ibermusicas.org\/index.php\/wp-json\/wp\/v2\/categories?post=5165"},{"taxonomy":"post_tag","embeddable":true,"href":"http:\/\/staging.ibermusicas.org\/index.php\/wp-json\/wp\/v2\/tags?post=5165"}],"curies":[{"name":"wp","href":"https:\/\/api.w.org\/{rel}","templated":true}]}}