{"id":5168,"date":"2015-04-10T17:36:50","date_gmt":"2015-04-10T17:36:50","guid":{"rendered":"http:\/\/staging.ibermusicas.org\/?p=5168"},"modified":"2021-03-24T17:38:42","modified_gmt":"2021-03-24T17:38:42","slug":"se-lleva-a-cabo-el-festival-cultura-cumbia-con-la-participacion-de-la-nueva-invasion-beneficiada-por-ibermusicas","status":"publish","type":"post","link":"http:\/\/staging.ibermusicas.org\/index.php\/se-lleva-a-cabo-el-festival-cultura-cumbia-con-la-participacion-de-la-nueva-invasion-beneficiada-por-ibermusicas\/","title":{"rendered":"Se lleva a cabo el Festival Cultura Cumbia con la participaci\u00f3n de La Nueva Invasi\u00f3n, beneficiada por Iberm\u00fasicas"},"content":{"rendered":"<p><span data-sheets-value=\"{&quot;1&quot;:2,&quot;2&quot;:&quot;El grupo peruano \\&quot;La Nueva Invasi\u00f3n\\&quot;, beneficiario de la ayuda de Iberm\u00fasicas, viaja a la Argentina para presentarse en el festival \\&quot;Cultura Cumbia\\&quot; en la ciudad de La Plata.&quot;}\" data-sheets-userformat=\"{&quot;2&quot;:513,&quot;3&quot;:{&quot;1&quot;:0},&quot;12&quot;:0}\">El grupo peruano \u00abLa Nueva Invasi\u00f3n\u00bb, beneficiario de la ayuda de Iberm\u00fasicas, viaja a la Argentina para presentarse en el festival \u00abCultura Cumbia\u00bb en la ciudad de La Plata.<\/span><\/p>\n","protected":false},"excerpt":{"rendered":"<p>El grupo peruano \u00abLa Nueva Invasi\u00f3n\u00bb, beneficiario de la ayuda de Iberm\u00fasicas, viaja a la Argentina para presentarse en el festival \u00abCultura Cumbia\u00bb en la ciudad de La Plata.<\/p>\n","protected":false},"author":1,"featured_media":5169,"comment_status":"closed","ping_status":"closed","sticky":false,"template":"","format":"standard","meta":{"footnotes":""},"categories":[53],"tags":[],"class_list":["post-5168","post","type-post","status-publish","format-standard","has-post-thumbnail","hentry","category-noticias-generales"],"lang":"es","translations":{"es":5168},"pll_sync_post":[],"post_mailing_queue_ids":[],"_links":{"self":[{"href":"http:\/\/staging.ibermusicas.org\/index.php\/wp-json\/wp\/v2\/posts\/5168","targetHints":{"allow":["GET"]}}],"collection":[{"href":"http:\/\/staging.ibermusicas.org\/index.php\/wp-json\/wp\/v2\/posts"}],"about":[{"href":"http:\/\/staging.ibermusicas.org\/index.php\/wp-json\/wp\/v2\/types\/post"}],"author":[{"embeddable":true,"href":"http:\/\/staging.ibermusicas.org\/index.php\/wp-json\/wp\/v2\/users\/1"}],"replies":[{"embeddable":true,"href":"http:\/\/staging.ibermusicas.org\/index.php\/wp-json\/wp\/v2\/comments?post=5168"}],"version-history":[{"count":1,"href":"http:\/\/staging.ibermusicas.org\/index.php\/wp-json\/wp\/v2\/posts\/5168\/revisions"}],"predecessor-version":[{"id":5170,"href":"http:\/\/staging.ibermusicas.org\/index.php\/wp-json\/wp\/v2\/posts\/5168\/revisions\/5170"}],"wp:featuredmedia":[{"embeddable":true,"href":"http:\/\/staging.ibermusicas.org\/index.php\/wp-json\/wp\/v2\/media\/5169"}],"wp:attachment":[{"href":"http:\/\/staging.ibermusicas.org\/index.php\/wp-json\/wp\/v2\/media?parent=5168"}],"wp:term":[{"taxonomy":"category","embeddable":true,"href":"http:\/\/staging.ibermusicas.org\/index.php\/wp-json\/wp\/v2\/categories?post=5168"},{"taxonomy":"post_tag","embeddable":true,"href":"http:\/\/staging.ibermusicas.org\/index.php\/wp-json\/wp\/v2\/tags?post=5168"}],"curies":[{"name":"wp","href":"https:\/\/api.w.org\/{rel}","templated":true}]}}