{"id":5171,"date":"2015-06-24T17:38:50","date_gmt":"2015-06-24T17:38:50","guid":{"rendered":"http:\/\/staging.ibermusicas.org\/?p=5171"},"modified":"2021-03-24T17:39:42","modified_gmt":"2021-03-24T17:39:42","slug":"la-agrupacion-uruguaya-la-dolores-viaja-a-peru","status":"publish","type":"post","link":"http:\/\/staging.ibermusicas.org\/index.php\/la-agrupacion-uruguaya-la-dolores-viaja-a-peru\/","title":{"rendered":"La agrupaci\u00f3n uruguaya \u201cLa Dolores\u201d, viaja a Per\u00fa"},"content":{"rendered":"<p><span data-sheets-value=\"{&quot;1&quot;:2,&quot;2&quot;:&quot;La agrupaci\u00f3n uruguaya \u201cLa Dolores\u201d, dedicada a la murga y el candombe, las expresiones musicales uruguayas por excelencia, viaja a Per\u00fa para presentarse en la Universidad Cat\u00f3lica y en la Escuela Moderna de Canto y Artes Esc\u00e9nicas \\&quot;Acordes\\&quot;.&quot;}\" data-sheets-userformat=\"{&quot;2&quot;:513,&quot;3&quot;:{&quot;1&quot;:0},&quot;12&quot;:0}\">La agrupaci\u00f3n uruguaya \u201cLa Dolores\u201d, dedicada a la murga y el candombe, las expresiones musicales uruguayas por excelencia, viaja a Per\u00fa para presentarse en la Universidad Cat\u00f3lica y en la Escuela Moderna de Canto y Artes Esc\u00e9nicas \u00abAcordes\u00bb.<\/span><\/p>\n","protected":false},"excerpt":{"rendered":"<p>La agrupaci\u00f3n uruguaya \u201cLa Dolores\u201d, dedicada a la murga y el candombe, las expresiones musicales uruguayas por excelencia, viaja a Per\u00fa para presentarse en la Universidad Cat\u00f3lica y en la Escuela Moderna de Canto y Artes Esc\u00e9nicas \u00abAcordes\u00bb.<\/p>\n","protected":false},"author":1,"featured_media":5172,"comment_status":"closed","ping_status":"closed","sticky":false,"template":"","format":"standard","meta":{"footnotes":""},"categories":[53],"tags":[],"class_list":["post-5171","post","type-post","status-publish","format-standard","has-post-thumbnail","hentry","category-noticias-generales"],"lang":"es","translations":{"es":5171},"pll_sync_post":[],"post_mailing_queue_ids":[],"_links":{"self":[{"href":"http:\/\/staging.ibermusicas.org\/index.php\/wp-json\/wp\/v2\/posts\/5171","targetHints":{"allow":["GET"]}}],"collection":[{"href":"http:\/\/staging.ibermusicas.org\/index.php\/wp-json\/wp\/v2\/posts"}],"about":[{"href":"http:\/\/staging.ibermusicas.org\/index.php\/wp-json\/wp\/v2\/types\/post"}],"author":[{"embeddable":true,"href":"http:\/\/staging.ibermusicas.org\/index.php\/wp-json\/wp\/v2\/users\/1"}],"replies":[{"embeddable":true,"href":"http:\/\/staging.ibermusicas.org\/index.php\/wp-json\/wp\/v2\/comments?post=5171"}],"version-history":[{"count":1,"href":"http:\/\/staging.ibermusicas.org\/index.php\/wp-json\/wp\/v2\/posts\/5171\/revisions"}],"predecessor-version":[{"id":5173,"href":"http:\/\/staging.ibermusicas.org\/index.php\/wp-json\/wp\/v2\/posts\/5171\/revisions\/5173"}],"wp:featuredmedia":[{"embeddable":true,"href":"http:\/\/staging.ibermusicas.org\/index.php\/wp-json\/wp\/v2\/media\/5172"}],"wp:attachment":[{"href":"http:\/\/staging.ibermusicas.org\/index.php\/wp-json\/wp\/v2\/media?parent=5171"}],"wp:term":[{"taxonomy":"category","embeddable":true,"href":"http:\/\/staging.ibermusicas.org\/index.php\/wp-json\/wp\/v2\/categories?post=5171"},{"taxonomy":"post_tag","embeddable":true,"href":"http:\/\/staging.ibermusicas.org\/index.php\/wp-json\/wp\/v2\/tags?post=5171"}],"curies":[{"name":"wp","href":"https:\/\/api.w.org\/{rel}","templated":true}]}}