{"id":5177,"date":"2015-06-06T18:19:21","date_gmt":"2015-06-06T18:19:21","guid":{"rendered":"http:\/\/staging.ibermusicas.org\/?p=5177"},"modified":"2021-03-24T18:20:40","modified_gmt":"2021-03-24T18:20:40","slug":"aru-firinne-fue-parte-de-la-programacion-del-festival-celtia-de-la-hermandad-verde","status":"publish","type":"post","link":"http:\/\/staging.ibermusicas.org\/index.php\/aru-firinne-fue-parte-de-la-programacion-del-festival-celtia-de-la-hermandad-verde\/","title":{"rendered":"Aru F\u00edrinne fu\u00e9 parte de la programaci\u00f3n del Festival Celtia de la Hermandad Verde."},"content":{"rendered":"<p><span data-sheets-value=\"{&quot;1&quot;:2,&quot;2&quot;:&quot;Desde Argentina la agrupaci\u00f3n de m\u00fasica tradicional irlandesa Aru F\u00edrinne, se present\u00f3 en la segunda edici\u00f3n del Festival Celtia, Festival de la Hermandad Verde en M\u00e9xico.&quot;}\" data-sheets-userformat=\"{&quot;2&quot;:513,&quot;3&quot;:{&quot;1&quot;:0},&quot;12&quot;:0}\">Desde Argentina la agrupaci\u00f3n de m\u00fasica tradicional irlandesa Aru F\u00edrinne, se present\u00f3 en la segunda edici\u00f3n del Festival Celtia, Festival de la Hermandad Verde en M\u00e9xico.<\/span><\/p>\n","protected":false},"excerpt":{"rendered":"<p>Desde Argentina la agrupaci\u00f3n de m\u00fasica tradicional irlandesa Aru F\u00edrinne, se present\u00f3 en la segunda edici\u00f3n del Festival Celtia, Festival de la Hermandad Verde en M\u00e9xico.<\/p>\n","protected":false},"author":1,"featured_media":5178,"comment_status":"closed","ping_status":"closed","sticky":false,"template":"","format":"standard","meta":{"footnotes":""},"categories":[53],"tags":[],"class_list":["post-5177","post","type-post","status-publish","format-standard","has-post-thumbnail","hentry","category-noticias-generales"],"lang":"es","translations":{"es":5177},"pll_sync_post":[],"post_mailing_queue_ids":[],"_links":{"self":[{"href":"http:\/\/staging.ibermusicas.org\/index.php\/wp-json\/wp\/v2\/posts\/5177","targetHints":{"allow":["GET"]}}],"collection":[{"href":"http:\/\/staging.ibermusicas.org\/index.php\/wp-json\/wp\/v2\/posts"}],"about":[{"href":"http:\/\/staging.ibermusicas.org\/index.php\/wp-json\/wp\/v2\/types\/post"}],"author":[{"embeddable":true,"href":"http:\/\/staging.ibermusicas.org\/index.php\/wp-json\/wp\/v2\/users\/1"}],"replies":[{"embeddable":true,"href":"http:\/\/staging.ibermusicas.org\/index.php\/wp-json\/wp\/v2\/comments?post=5177"}],"version-history":[{"count":2,"href":"http:\/\/staging.ibermusicas.org\/index.php\/wp-json\/wp\/v2\/posts\/5177\/revisions"}],"predecessor-version":[{"id":5180,"href":"http:\/\/staging.ibermusicas.org\/index.php\/wp-json\/wp\/v2\/posts\/5177\/revisions\/5180"}],"wp:featuredmedia":[{"embeddable":true,"href":"http:\/\/staging.ibermusicas.org\/index.php\/wp-json\/wp\/v2\/media\/5178"}],"wp:attachment":[{"href":"http:\/\/staging.ibermusicas.org\/index.php\/wp-json\/wp\/v2\/media?parent=5177"}],"wp:term":[{"taxonomy":"category","embeddable":true,"href":"http:\/\/staging.ibermusicas.org\/index.php\/wp-json\/wp\/v2\/categories?post=5177"},{"taxonomy":"post_tag","embeddable":true,"href":"http:\/\/staging.ibermusicas.org\/index.php\/wp-json\/wp\/v2\/tags?post=5177"}],"curies":[{"name":"wp","href":"https:\/\/api.w.org\/{rel}","templated":true}]}}