{"id":5188,"date":"2015-05-06T18:23:08","date_gmt":"2015-05-06T18:23:08","guid":{"rendered":"http:\/\/staging.ibermusicas.org\/?p=5188"},"modified":"2021-03-24T18:24:08","modified_gmt":"2021-03-24T18:24:08","slug":"el-grupo-merken-de-chile-se-presentara-en-buenos-aires","status":"publish","type":"post","link":"http:\/\/staging.ibermusicas.org\/index.php\/el-grupo-merken-de-chile-se-presentara-en-buenos-aires\/","title":{"rendered":"El grupo Merk\u00e9n de Chile se presentar\u00e1 en Buenos Aires"},"content":{"rendered":"<p><span data-sheets-value=\"{&quot;1&quot;:2,&quot;2&quot;:&quot;El 23 de mayo la agrupaci\u00f3n chilena Merk\u00e9n dar\u00e1 un concierto en la sala Silencio de Negras de la ciudad de Buenos Aires.&quot;}\" data-sheets-userformat=\"{&quot;2&quot;:513,&quot;3&quot;:{&quot;1&quot;:0},&quot;12&quot;:0}\">El 23 de mayo la agrupaci\u00f3n chilena Merk\u00e9n dar\u00e1 un concierto en la sala Silencio de Negras de la ciudad de Buenos Aires.<\/span><\/p>\n","protected":false},"excerpt":{"rendered":"<p>El 23 de mayo la agrupaci\u00f3n chilena Merk\u00e9n dar\u00e1 un concierto en la sala Silencio de Negras de la ciudad de Buenos Aires.<\/p>\n","protected":false},"author":1,"featured_media":5189,"comment_status":"closed","ping_status":"closed","sticky":false,"template":"","format":"standard","meta":{"footnotes":""},"categories":[53],"tags":[],"class_list":["post-5188","post","type-post","status-publish","format-standard","has-post-thumbnail","hentry","category-noticias-generales"],"lang":"es","translations":{"es":5188},"pll_sync_post":[],"post_mailing_queue_ids":[],"_links":{"self":[{"href":"http:\/\/staging.ibermusicas.org\/index.php\/wp-json\/wp\/v2\/posts\/5188","targetHints":{"allow":["GET"]}}],"collection":[{"href":"http:\/\/staging.ibermusicas.org\/index.php\/wp-json\/wp\/v2\/posts"}],"about":[{"href":"http:\/\/staging.ibermusicas.org\/index.php\/wp-json\/wp\/v2\/types\/post"}],"author":[{"embeddable":true,"href":"http:\/\/staging.ibermusicas.org\/index.php\/wp-json\/wp\/v2\/users\/1"}],"replies":[{"embeddable":true,"href":"http:\/\/staging.ibermusicas.org\/index.php\/wp-json\/wp\/v2\/comments?post=5188"}],"version-history":[{"count":2,"href":"http:\/\/staging.ibermusicas.org\/index.php\/wp-json\/wp\/v2\/posts\/5188\/revisions"}],"predecessor-version":[{"id":5191,"href":"http:\/\/staging.ibermusicas.org\/index.php\/wp-json\/wp\/v2\/posts\/5188\/revisions\/5191"}],"wp:featuredmedia":[{"embeddable":true,"href":"http:\/\/staging.ibermusicas.org\/index.php\/wp-json\/wp\/v2\/media\/5189"}],"wp:attachment":[{"href":"http:\/\/staging.ibermusicas.org\/index.php\/wp-json\/wp\/v2\/media?parent=5188"}],"wp:term":[{"taxonomy":"category","embeddable":true,"href":"http:\/\/staging.ibermusicas.org\/index.php\/wp-json\/wp\/v2\/categories?post=5188"},{"taxonomy":"post_tag","embeddable":true,"href":"http:\/\/staging.ibermusicas.org\/index.php\/wp-json\/wp\/v2\/tags?post=5188"}],"curies":[{"name":"wp","href":"https:\/\/api.w.org\/{rel}","templated":true}]}}