{"id":5195,"date":"2015-05-04T18:25:23","date_gmt":"2015-05-04T18:25:23","guid":{"rendered":"http:\/\/staging.ibermusicas.org\/?p=5195"},"modified":"2021-03-24T18:26:50","modified_gmt":"2021-03-24T18:26:50","slug":"la-artista-peruana-miryam-quinones-continua-su-gira-por-espana","status":"publish","type":"post","link":"http:\/\/staging.ibermusicas.org\/index.php\/la-artista-peruana-miryam-quinones-continua-su-gira-por-espana\/","title":{"rendered":"La art\u00edsta peruana, Miryam Qui\u00f1ones contin\u00faa su gira por Espa\u00f1a"},"content":{"rendered":"<p><span data-sheets-value=\"{&quot;1&quot;:2,&quot;2&quot;:&quot;La cantora peruana Miryam Qui\u00f1ones contin\u00faa su recorrido musical por diversas ciudades de Espa\u00f1a, y ofrecer\u00e1 esta semana algunas actuaciones en Euskadi (Pa\u00eds Vasco). &quot;}\" data-sheets-userformat=\"{&quot;2&quot;:513,&quot;3&quot;:{&quot;1&quot;:0},&quot;12&quot;:0}\">La cantora peruana Miryam Qui\u00f1ones contin\u00faa su recorrido musical por diversas ciudades de Espa\u00f1a, y ofrecer\u00e1 esta semana algunas actuaciones en Euskadi (Pa\u00eds Vasco). <\/span><\/p>\n","protected":false},"excerpt":{"rendered":"<p>La cantora peruana Miryam Qui\u00f1ones contin\u00faa su recorrido musical por diversas ciudades de Espa\u00f1a, y ofrecer\u00e1 esta semana algunas actuaciones en Euskadi (Pa\u00eds Vasco).<\/p>\n","protected":false},"author":1,"featured_media":5196,"comment_status":"closed","ping_status":"closed","sticky":false,"template":"","format":"standard","meta":{"footnotes":""},"categories":[53],"tags":[],"class_list":["post-5195","post","type-post","status-publish","format-standard","has-post-thumbnail","hentry","category-noticias-generales"],"lang":"es","translations":{"es":5195},"pll_sync_post":[],"post_mailing_queue_ids":[],"_links":{"self":[{"href":"http:\/\/staging.ibermusicas.org\/index.php\/wp-json\/wp\/v2\/posts\/5195","targetHints":{"allow":["GET"]}}],"collection":[{"href":"http:\/\/staging.ibermusicas.org\/index.php\/wp-json\/wp\/v2\/posts"}],"about":[{"href":"http:\/\/staging.ibermusicas.org\/index.php\/wp-json\/wp\/v2\/types\/post"}],"author":[{"embeddable":true,"href":"http:\/\/staging.ibermusicas.org\/index.php\/wp-json\/wp\/v2\/users\/1"}],"replies":[{"embeddable":true,"href":"http:\/\/staging.ibermusicas.org\/index.php\/wp-json\/wp\/v2\/comments?post=5195"}],"version-history":[{"count":2,"href":"http:\/\/staging.ibermusicas.org\/index.php\/wp-json\/wp\/v2\/posts\/5195\/revisions"}],"predecessor-version":[{"id":5198,"href":"http:\/\/staging.ibermusicas.org\/index.php\/wp-json\/wp\/v2\/posts\/5195\/revisions\/5198"}],"wp:featuredmedia":[{"embeddable":true,"href":"http:\/\/staging.ibermusicas.org\/index.php\/wp-json\/wp\/v2\/media\/5196"}],"wp:attachment":[{"href":"http:\/\/staging.ibermusicas.org\/index.php\/wp-json\/wp\/v2\/media?parent=5195"}],"wp:term":[{"taxonomy":"category","embeddable":true,"href":"http:\/\/staging.ibermusicas.org\/index.php\/wp-json\/wp\/v2\/categories?post=5195"},{"taxonomy":"post_tag","embeddable":true,"href":"http:\/\/staging.ibermusicas.org\/index.php\/wp-json\/wp\/v2\/tags?post=5195"}],"curies":[{"name":"wp","href":"https:\/\/api.w.org\/{rel}","templated":true}]}}