{"id":5218,"date":"2015-08-25T18:46:04","date_gmt":"2015-08-25T18:46:04","guid":{"rendered":"http:\/\/staging.ibermusicas.org\/?p=5218"},"modified":"2021-03-25T18:46:55","modified_gmt":"2021-03-25T18:46:55","slug":"ganassi-la-agrupacion-costarricense-dedicada-a-la-musica-renacentista-y-barroca-viaja-a-toluca-mexico-para-realizar-dos-conciertos","status":"publish","type":"post","link":"http:\/\/staging.ibermusicas.org\/index.php\/ganassi-la-agrupacion-costarricense-dedicada-a-la-musica-renacentista-y-barroca-viaja-a-toluca-mexico-para-realizar-dos-conciertos\/","title":{"rendered":"Ganassi, la agrupaci\u00f3n Costarricense dedicada a la m\u00fasica renacentista y barroca viaja a Toluca, M\u00e9xico para realizar dos conciertos"},"content":{"rendered":"<p>Ganassi se presentar\u00e1 en la \u00abFiesta de la m\u00fasica 2015\u00bb organizada por el Instituto municipal de Cultura, Turismo y Arte de Toluca y en la \u00abFundaci\u00f3n Ideas Libres\u00bb para brindar sendos concieros de m\u00fasica renacentista y barroca con r\u00e9plicas de instrumentos hist\u00f3ricos, que recrean sonoridades de \u00e9pocas antiguas.<\/p>\n","protected":false},"excerpt":{"rendered":"<p>Ganassi se presentar\u00e1 en la \u00abFiesta de la m\u00fasica 2015\u00bb organizada por el Instituto municipal de Cultura, Turismo y Arte de Toluca y en la \u00abFundaci\u00f3n Ideas Libres\u00bb para brindar sendos concieros de m\u00fasica renacentista y barroca con r\u00e9plicas de instrumentos hist\u00f3ricos, que recrean sonoridades de \u00e9pocas antiguas.<\/p>\n","protected":false},"author":1,"featured_media":5219,"comment_status":"closed","ping_status":"closed","sticky":false,"template":"","format":"standard","meta":{"footnotes":""},"categories":[53],"tags":[],"class_list":["post-5218","post","type-post","status-publish","format-standard","has-post-thumbnail","hentry","category-noticias-generales"],"lang":"es","translations":{"es":5218},"pll_sync_post":[],"post_mailing_queue_ids":[],"_links":{"self":[{"href":"http:\/\/staging.ibermusicas.org\/index.php\/wp-json\/wp\/v2\/posts\/5218","targetHints":{"allow":["GET"]}}],"collection":[{"href":"http:\/\/staging.ibermusicas.org\/index.php\/wp-json\/wp\/v2\/posts"}],"about":[{"href":"http:\/\/staging.ibermusicas.org\/index.php\/wp-json\/wp\/v2\/types\/post"}],"author":[{"embeddable":true,"href":"http:\/\/staging.ibermusicas.org\/index.php\/wp-json\/wp\/v2\/users\/1"}],"replies":[{"embeddable":true,"href":"http:\/\/staging.ibermusicas.org\/index.php\/wp-json\/wp\/v2\/comments?post=5218"}],"version-history":[{"count":1,"href":"http:\/\/staging.ibermusicas.org\/index.php\/wp-json\/wp\/v2\/posts\/5218\/revisions"}],"predecessor-version":[{"id":5220,"href":"http:\/\/staging.ibermusicas.org\/index.php\/wp-json\/wp\/v2\/posts\/5218\/revisions\/5220"}],"wp:featuredmedia":[{"embeddable":true,"href":"http:\/\/staging.ibermusicas.org\/index.php\/wp-json\/wp\/v2\/media\/5219"}],"wp:attachment":[{"href":"http:\/\/staging.ibermusicas.org\/index.php\/wp-json\/wp\/v2\/media?parent=5218"}],"wp:term":[{"taxonomy":"category","embeddable":true,"href":"http:\/\/staging.ibermusicas.org\/index.php\/wp-json\/wp\/v2\/categories?post=5218"},{"taxonomy":"post_tag","embeddable":true,"href":"http:\/\/staging.ibermusicas.org\/index.php\/wp-json\/wp\/v2\/tags?post=5218"}],"curies":[{"name":"wp","href":"https:\/\/api.w.org\/{rel}","templated":true}]}}