{"id":5231,"date":"2015-05-30T18:35:00","date_gmt":"2015-05-30T18:35:00","guid":{"rendered":"http:\/\/staging.ibermusicas.org\/?p=5231"},"modified":"2021-03-30T18:37:06","modified_gmt":"2021-03-30T18:37:06","slug":"celso-pina-y-su-ronda-bogota-tocaran-en-el-festival-selvamonos-de-peru","status":"publish","type":"post","link":"http:\/\/staging.ibermusicas.org\/index.php\/celso-pina-y-su-ronda-bogota-tocaran-en-el-festival-selvamonos-de-peru\/","title":{"rendered":"Celso Pi\u00f1a y su Ronda Bogot\u00e1 tocar\u00e1n en el Festival Selv\u00e1monos de Per\u00fa"},"content":{"rendered":"<p><span data-sheets-value=\"{&quot;1&quot;:2,&quot;2&quot;:&quot;El gran acordeonista Celso Pi\u00f1a se presentar\u00e1 en el Festival Selv\u00e1monos que se realizar\u00e1 en Oxapampa los d\u00edas 27 y 28 de junio.&quot;}\" data-sheets-userformat=\"{&quot;2&quot;:513,&quot;3&quot;:{&quot;1&quot;:0},&quot;12&quot;:0}\">El gran acordeonista Celso Pi\u00f1a se presentar\u00e1 en el Festival Selv\u00e1monos que se realizar\u00e1 en Oxapampa los d\u00edas 27 y 28 de junio.<\/span><\/p>\n","protected":false},"excerpt":{"rendered":"<p>El gran acordeonista Celso Pi\u00f1a se presentar\u00e1 en el Festival Selv\u00e1monos que se realizar\u00e1 en Oxapampa los d\u00edas 27 y 28 de junio.<\/p>\n","protected":false},"author":1,"featured_media":5232,"comment_status":"closed","ping_status":"closed","sticky":false,"template":"","format":"standard","meta":{"footnotes":""},"categories":[53],"tags":[],"class_list":["post-5231","post","type-post","status-publish","format-standard","has-post-thumbnail","hentry","category-noticias-generales"],"lang":"es","translations":{"es":5231},"pll_sync_post":[],"post_mailing_queue_ids":[],"_links":{"self":[{"href":"http:\/\/staging.ibermusicas.org\/index.php\/wp-json\/wp\/v2\/posts\/5231","targetHints":{"allow":["GET"]}}],"collection":[{"href":"http:\/\/staging.ibermusicas.org\/index.php\/wp-json\/wp\/v2\/posts"}],"about":[{"href":"http:\/\/staging.ibermusicas.org\/index.php\/wp-json\/wp\/v2\/types\/post"}],"author":[{"embeddable":true,"href":"http:\/\/staging.ibermusicas.org\/index.php\/wp-json\/wp\/v2\/users\/1"}],"replies":[{"embeddable":true,"href":"http:\/\/staging.ibermusicas.org\/index.php\/wp-json\/wp\/v2\/comments?post=5231"}],"version-history":[{"count":1,"href":"http:\/\/staging.ibermusicas.org\/index.php\/wp-json\/wp\/v2\/posts\/5231\/revisions"}],"predecessor-version":[{"id":5233,"href":"http:\/\/staging.ibermusicas.org\/index.php\/wp-json\/wp\/v2\/posts\/5231\/revisions\/5233"}],"wp:featuredmedia":[{"embeddable":true,"href":"http:\/\/staging.ibermusicas.org\/index.php\/wp-json\/wp\/v2\/media\/5232"}],"wp:attachment":[{"href":"http:\/\/staging.ibermusicas.org\/index.php\/wp-json\/wp\/v2\/media?parent=5231"}],"wp:term":[{"taxonomy":"category","embeddable":true,"href":"http:\/\/staging.ibermusicas.org\/index.php\/wp-json\/wp\/v2\/categories?post=5231"},{"taxonomy":"post_tag","embeddable":true,"href":"http:\/\/staging.ibermusicas.org\/index.php\/wp-json\/wp\/v2\/tags?post=5231"}],"curies":[{"name":"wp","href":"https:\/\/api.w.org\/{rel}","templated":true}]}}