{"id":5234,"date":"2015-06-30T18:38:23","date_gmt":"2015-06-30T18:38:23","guid":{"rendered":"http:\/\/staging.ibermusicas.org\/?p=5234"},"modified":"2021-03-30T18:40:32","modified_gmt":"2021-03-30T18:40:32","slug":"imersao-latina-abre-su-convocatoria-para-residencias-artisticas-en-belo-horizonte-brasil","status":"publish","type":"post","link":"http:\/\/staging.ibermusicas.org\/index.php\/imersao-latina-abre-su-convocatoria-para-residencias-artisticas-en-belo-horizonte-brasil\/","title":{"rendered":"Imers\u00e3o Latina abre su convocatoria para Residencias Art\u00edsticas en Belo Horizonte, Brasil"},"content":{"rendered":"<p><span data-sheets-value=\"{&quot;1&quot;:2,&quot;2&quot;:&quot;El Instituto Imers\u00e3o Latina, en cooperaci\u00f3n con Iberm\u00fasicas y Embaixada Cultural lanza una convocatoria al proceso de selecci\u00f3n para cuatro m\u00fasicos latinoamericanos.&quot;}\" data-sheets-userformat=\"{&quot;2&quot;:513,&quot;3&quot;:{&quot;1&quot;:0},&quot;12&quot;:0}\">El Instituto Imers\u00e3o Latina, en cooperaci\u00f3n con Iberm\u00fasicas y Embaixada Cultural lanza una convocatoria al proceso de selecci\u00f3n para cuatro m\u00fasicos latinoamericanos.<\/span><\/p>\n","protected":false},"excerpt":{"rendered":"<p>El Instituto Imers\u00e3o Latina, en cooperaci\u00f3n con Iberm\u00fasicas y Embaixada Cultural lanza una convocatoria al proceso de selecci\u00f3n para cuatro m\u00fasicos latinoamericanos.<\/p>\n","protected":false},"author":1,"featured_media":5235,"comment_status":"closed","ping_status":"closed","sticky":false,"template":"","format":"standard","meta":{"footnotes":""},"categories":[53],"tags":[],"class_list":["post-5234","post","type-post","status-publish","format-standard","has-post-thumbnail","hentry","category-noticias-generales"],"lang":"es","translations":{"es":5234},"pll_sync_post":[],"post_mailing_queue_ids":[],"_links":{"self":[{"href":"http:\/\/staging.ibermusicas.org\/index.php\/wp-json\/wp\/v2\/posts\/5234","targetHints":{"allow":["GET"]}}],"collection":[{"href":"http:\/\/staging.ibermusicas.org\/index.php\/wp-json\/wp\/v2\/posts"}],"about":[{"href":"http:\/\/staging.ibermusicas.org\/index.php\/wp-json\/wp\/v2\/types\/post"}],"author":[{"embeddable":true,"href":"http:\/\/staging.ibermusicas.org\/index.php\/wp-json\/wp\/v2\/users\/1"}],"replies":[{"embeddable":true,"href":"http:\/\/staging.ibermusicas.org\/index.php\/wp-json\/wp\/v2\/comments?post=5234"}],"version-history":[{"count":1,"href":"http:\/\/staging.ibermusicas.org\/index.php\/wp-json\/wp\/v2\/posts\/5234\/revisions"}],"predecessor-version":[{"id":5236,"href":"http:\/\/staging.ibermusicas.org\/index.php\/wp-json\/wp\/v2\/posts\/5234\/revisions\/5236"}],"wp:featuredmedia":[{"embeddable":true,"href":"http:\/\/staging.ibermusicas.org\/index.php\/wp-json\/wp\/v2\/media\/5235"}],"wp:attachment":[{"href":"http:\/\/staging.ibermusicas.org\/index.php\/wp-json\/wp\/v2\/media?parent=5234"}],"wp:term":[{"taxonomy":"category","embeddable":true,"href":"http:\/\/staging.ibermusicas.org\/index.php\/wp-json\/wp\/v2\/categories?post=5234"},{"taxonomy":"post_tag","embeddable":true,"href":"http:\/\/staging.ibermusicas.org\/index.php\/wp-json\/wp\/v2\/tags?post=5234"}],"curies":[{"name":"wp","href":"https:\/\/api.w.org\/{rel}","templated":true}]}}