{"id":5237,"date":"2015-07-30T18:40:39","date_gmt":"2015-07-30T18:40:39","guid":{"rendered":"http:\/\/staging.ibermusicas.org\/?p=5237"},"modified":"2021-03-30T18:42:59","modified_gmt":"2021-03-30T18:42:59","slug":"nueva-convocatoria-proyecto-especial-ibermusicas-iberescena","status":"publish","type":"post","link":"http:\/\/staging.ibermusicas.org\/index.php\/nueva-convocatoria-proyecto-especial-ibermusicas-iberescena\/","title":{"rendered":"Nueva convocatoria! Proyecto especial Iberm\u00fasicas \u2013 Iberescena!"},"content":{"rendered":"<p><span data-sheets-value=\"{&quot;1&quot;:2,&quot;2&quot;:&quot;El Fondo de Ayudas para las Artes Esc\u00e9nicas IBERESCENA y el Programa de Fomento de las M\u00fasicas Iberoamericanas IBERM\u00daSICAS se complacen en anunciar la nueva convocatoria e invitan a participar del proyecto especial para la premiaci\u00f3n de una obra te texto dram\u00e1tico y de composici\u00f3n musical en conjunto. La convocatoria se encuentra abierta desde el 30 de Junio hasta el 11 de Diciembre de 2015.\\r &quot;}\" data-sheets-userformat=\"{&quot;2&quot;:513,&quot;3&quot;:{&quot;1&quot;:0},&quot;12&quot;:0}\">El Fondo de Ayudas para las Artes Esc\u00e9nicas IBERESCENA y el Programa de Fomento de las M\u00fasicas Iberoamericanas IBERM\u00daSICAS se complacen en anunciar la nueva convocatoria e invitan a participar del proyecto especial para la premiaci\u00f3n de una obra te texto dram\u00e1tico y de composici\u00f3n musical en conjunto. La convocatoria se encuentra abierta desde el 30 de Junio hasta el 11 de Diciembre de 2015. <\/span><\/p>\n","protected":false},"excerpt":{"rendered":"<p>El Fondo de Ayudas para las Artes Esc\u00e9nicas IBERESCENA y el Programa de Fomento de las M\u00fasicas Iberoamericanas IBERM\u00daSICAS se complacen en anunciar la nueva convocatoria e invitan a participar del proyecto especial para la premiaci\u00f3n de una obra te texto dram\u00e1tico y de composici\u00f3n musical en conjunto. La convocatoria se encuentra abierta desde el [&hellip;]<\/p>\n","protected":false},"author":1,"featured_media":5238,"comment_status":"closed","ping_status":"closed","sticky":false,"template":"","format":"standard","meta":{"footnotes":""},"categories":[53],"tags":[],"class_list":["post-5237","post","type-post","status-publish","format-standard","has-post-thumbnail","hentry","category-noticias-generales"],"lang":"es","translations":{"es":5237},"pll_sync_post":[],"post_mailing_queue_ids":[],"_links":{"self":[{"href":"http:\/\/staging.ibermusicas.org\/index.php\/wp-json\/wp\/v2\/posts\/5237","targetHints":{"allow":["GET"]}}],"collection":[{"href":"http:\/\/staging.ibermusicas.org\/index.php\/wp-json\/wp\/v2\/posts"}],"about":[{"href":"http:\/\/staging.ibermusicas.org\/index.php\/wp-json\/wp\/v2\/types\/post"}],"author":[{"embeddable":true,"href":"http:\/\/staging.ibermusicas.org\/index.php\/wp-json\/wp\/v2\/users\/1"}],"replies":[{"embeddable":true,"href":"http:\/\/staging.ibermusicas.org\/index.php\/wp-json\/wp\/v2\/comments?post=5237"}],"version-history":[{"count":1,"href":"http:\/\/staging.ibermusicas.org\/index.php\/wp-json\/wp\/v2\/posts\/5237\/revisions"}],"predecessor-version":[{"id":5239,"href":"http:\/\/staging.ibermusicas.org\/index.php\/wp-json\/wp\/v2\/posts\/5237\/revisions\/5239"}],"wp:featuredmedia":[{"embeddable":true,"href":"http:\/\/staging.ibermusicas.org\/index.php\/wp-json\/wp\/v2\/media\/5238"}],"wp:attachment":[{"href":"http:\/\/staging.ibermusicas.org\/index.php\/wp-json\/wp\/v2\/media?parent=5237"}],"wp:term":[{"taxonomy":"category","embeddable":true,"href":"http:\/\/staging.ibermusicas.org\/index.php\/wp-json\/wp\/v2\/categories?post=5237"},{"taxonomy":"post_tag","embeddable":true,"href":"http:\/\/staging.ibermusicas.org\/index.php\/wp-json\/wp\/v2\/tags?post=5237"}],"curies":[{"name":"wp","href":"https:\/\/api.w.org\/{rel}","templated":true}]}}