{"id":5249,"date":"2015-09-30T18:50:25","date_gmt":"2015-09-30T18:50:25","guid":{"rendered":"http:\/\/staging.ibermusicas.org\/?p=5249"},"modified":"2021-03-30T18:51:50","modified_gmt":"2021-03-30T18:51:50","slug":"fakuta-la-cantautora-revelacion-del-pop-chileno-llega-a-mexico-para-formar-parte-del-festival-neutral","status":"publish","type":"post","link":"http:\/\/staging.ibermusicas.org\/index.php\/fakuta-la-cantautora-revelacion-del-pop-chileno-llega-a-mexico-para-formar-parte-del-festival-neutral\/","title":{"rendered":"Fakuta, la cantautora revelaci\u00f3n del pop chileno, llega a M\u00e9xico para formar parte del Festival Neutral"},"content":{"rendered":"<p><span data-sheets-value=\"{&quot;1&quot;:2,&quot;2&quot;:&quot;Desde Chile llega Fakuta a M\u00e9xico para formar parte del Festival Neutral que se realizar\u00e1 el 2, 3 y 4 de julio en M\u00e9xico DF. Presentar\u00e1 \u201cTormenta Solar\u201d, un explosivo \u00e1lbum bailable con letras de incomparable sensibilidad femenina y una aguda mirada cr\u00edtica al mundo de hoy.&quot;}\" data-sheets-userformat=\"{&quot;2&quot;:513,&quot;3&quot;:{&quot;1&quot;:0},&quot;12&quot;:0}\">Desde Chile llega Fakuta a M\u00e9xico para formar parte del Festival Neutral que se realizar\u00e1 el 2, 3 y 4 de julio en M\u00e9xico DF. Presentar\u00e1 \u201cTormenta Solar\u201d, un explosivo \u00e1lbum bailable con letras de incomparable sensibilidad femenina y una aguda mirada cr\u00edtica al mundo de hoy.<\/span><\/p>\n","protected":false},"excerpt":{"rendered":"<p>Desde Chile llega Fakuta a M\u00e9xico para formar parte del Festival Neutral que se realizar\u00e1 el 2, 3 y 4 de julio en M\u00e9xico DF. Presentar\u00e1 \u201cTormenta Solar\u201d, un explosivo \u00e1lbum bailable con letras de incomparable sensibilidad femenina y una aguda mirada cr\u00edtica al mundo de hoy.<\/p>\n","protected":false},"author":1,"featured_media":5250,"comment_status":"closed","ping_status":"closed","sticky":false,"template":"","format":"standard","meta":{"footnotes":""},"categories":[53],"tags":[],"class_list":["post-5249","post","type-post","status-publish","format-standard","has-post-thumbnail","hentry","category-noticias-generales"],"lang":"es","translations":{"es":5249},"pll_sync_post":[],"post_mailing_queue_ids":[],"_links":{"self":[{"href":"http:\/\/staging.ibermusicas.org\/index.php\/wp-json\/wp\/v2\/posts\/5249","targetHints":{"allow":["GET"]}}],"collection":[{"href":"http:\/\/staging.ibermusicas.org\/index.php\/wp-json\/wp\/v2\/posts"}],"about":[{"href":"http:\/\/staging.ibermusicas.org\/index.php\/wp-json\/wp\/v2\/types\/post"}],"author":[{"embeddable":true,"href":"http:\/\/staging.ibermusicas.org\/index.php\/wp-json\/wp\/v2\/users\/1"}],"replies":[{"embeddable":true,"href":"http:\/\/staging.ibermusicas.org\/index.php\/wp-json\/wp\/v2\/comments?post=5249"}],"version-history":[{"count":1,"href":"http:\/\/staging.ibermusicas.org\/index.php\/wp-json\/wp\/v2\/posts\/5249\/revisions"}],"predecessor-version":[{"id":5251,"href":"http:\/\/staging.ibermusicas.org\/index.php\/wp-json\/wp\/v2\/posts\/5249\/revisions\/5251"}],"wp:featuredmedia":[{"embeddable":true,"href":"http:\/\/staging.ibermusicas.org\/index.php\/wp-json\/wp\/v2\/media\/5250"}],"wp:attachment":[{"href":"http:\/\/staging.ibermusicas.org\/index.php\/wp-json\/wp\/v2\/media?parent=5249"}],"wp:term":[{"taxonomy":"category","embeddable":true,"href":"http:\/\/staging.ibermusicas.org\/index.php\/wp-json\/wp\/v2\/categories?post=5249"},{"taxonomy":"post_tag","embeddable":true,"href":"http:\/\/staging.ibermusicas.org\/index.php\/wp-json\/wp\/v2\/tags?post=5249"}],"curies":[{"name":"wp","href":"https:\/\/api.w.org\/{rel}","templated":true}]}}