{"id":5255,"date":"2015-08-30T18:55:24","date_gmt":"2015-08-30T18:55:24","guid":{"rendered":"http:\/\/staging.ibermusicas.org\/?p=5255"},"modified":"2021-03-30T18:59:23","modified_gmt":"2021-03-30T18:59:23","slug":"el-ensamble-de-guitarras-del-conservatorio-manuel-de-falla-de-argentina-viaja-a-paraguay-a-realizar-conciertos-y-clinicas","status":"publish","type":"post","link":"http:\/\/staging.ibermusicas.org\/index.php\/el-ensamble-de-guitarras-del-conservatorio-manuel-de-falla-de-argentina-viaja-a-paraguay-a-realizar-conciertos-y-clinicas\/","title":{"rendered":"El Ensamble de Guitarras del Conservatorio \u201cManuel de Falla\u201d de Argentina viaja a Paraguay a realizar conciertos y cl\u00ednicas."},"content":{"rendered":"<p><span data-sheets-value=\"{&quot;1&quot;:2,&quot;2&quot;:&quot;En el marco de un proyecto de intercambio educativo y cultural entre instituciones de m\u00fasica argentinas y paraguayas, el Ensamble de Guitarras del Conservatorio \\&quot;Manuel de Falla\\&quot; brindar\u00e1 una cl\u00ednica de M\u00fasica de C\u00e1mara y M\u00fasica Acad\u00e9mica Argentina en dos instituciones de m\u00fasica del Paraguay (CONAMU, CMPSJB), incluyendo conciertos did\u00e1cticos para los alumnos de dichas instituciones. A su vez, brindar\u00e1 un concierto abierto al p\u00fablico en el Auditorio de la Embajada Argentina en Asunci\u00f3n.&quot;}\" data-sheets-userformat=\"{&quot;2&quot;:513,&quot;3&quot;:{&quot;1&quot;:0},&quot;12&quot;:0}\">En el marco de un proyecto de intercambio educativo y cultural entre instituciones de m\u00fasica argentinas y paraguayas, el Ensamble de Guitarras del Conservatorio \u00abManuel de Falla\u00bb brindar\u00e1 una cl\u00ednica de M\u00fasica de C\u00e1mara y M\u00fasica Acad\u00e9mica Argentina en dos instituciones de m\u00fasica del Paraguay (CONAMU, CMPSJB), incluyendo conciertos did\u00e1cticos para los alumnos de dichas instituciones. A su vez, brindar\u00e1 un concierto abierto al p\u00fablico en el Auditorio de la Embajada Argentina en Asunci\u00f3n.<\/span><\/p>\n","protected":false},"excerpt":{"rendered":"<p>En el marco de un proyecto de intercambio educativo y cultural entre instituciones de m\u00fasica argentinas y paraguayas, el Ensamble de Guitarras del Conservatorio \u00abManuel de Falla\u00bb brindar\u00e1 una cl\u00ednica de M\u00fasica de C\u00e1mara y M\u00fasica Acad\u00e9mica Argentina en dos instituciones de m\u00fasica del Paraguay (CONAMU, CMPSJB), incluyendo conciertos did\u00e1cticos para los alumnos de dichas [&hellip;]<\/p>\n","protected":false},"author":1,"featured_media":5256,"comment_status":"closed","ping_status":"closed","sticky":false,"template":"","format":"standard","meta":{"footnotes":""},"categories":[53],"tags":[],"class_list":["post-5255","post","type-post","status-publish","format-standard","has-post-thumbnail","hentry","category-noticias-generales"],"lang":"es","translations":{"es":5255},"pll_sync_post":[],"post_mailing_queue_ids":[],"_links":{"self":[{"href":"http:\/\/staging.ibermusicas.org\/index.php\/wp-json\/wp\/v2\/posts\/5255","targetHints":{"allow":["GET"]}}],"collection":[{"href":"http:\/\/staging.ibermusicas.org\/index.php\/wp-json\/wp\/v2\/posts"}],"about":[{"href":"http:\/\/staging.ibermusicas.org\/index.php\/wp-json\/wp\/v2\/types\/post"}],"author":[{"embeddable":true,"href":"http:\/\/staging.ibermusicas.org\/index.php\/wp-json\/wp\/v2\/users\/1"}],"replies":[{"embeddable":true,"href":"http:\/\/staging.ibermusicas.org\/index.php\/wp-json\/wp\/v2\/comments?post=5255"}],"version-history":[{"count":1,"href":"http:\/\/staging.ibermusicas.org\/index.php\/wp-json\/wp\/v2\/posts\/5255\/revisions"}],"predecessor-version":[{"id":5257,"href":"http:\/\/staging.ibermusicas.org\/index.php\/wp-json\/wp\/v2\/posts\/5255\/revisions\/5257"}],"wp:featuredmedia":[{"embeddable":true,"href":"http:\/\/staging.ibermusicas.org\/index.php\/wp-json\/wp\/v2\/media\/5256"}],"wp:attachment":[{"href":"http:\/\/staging.ibermusicas.org\/index.php\/wp-json\/wp\/v2\/media?parent=5255"}],"wp:term":[{"taxonomy":"category","embeddable":true,"href":"http:\/\/staging.ibermusicas.org\/index.php\/wp-json\/wp\/v2\/categories?post=5255"},{"taxonomy":"post_tag","embeddable":true,"href":"http:\/\/staging.ibermusicas.org\/index.php\/wp-json\/wp\/v2\/tags?post=5255"}],"curies":[{"name":"wp","href":"https:\/\/api.w.org\/{rel}","templated":true}]}}