{"id":5258,"date":"2015-07-01T18:59:35","date_gmt":"2015-07-01T18:59:35","guid":{"rendered":"http:\/\/staging.ibermusicas.org\/?p=5258"},"modified":"2021-03-30T19:00:47","modified_gmt":"2021-03-30T19:00:47","slug":"camilo-antileo-el-cantautor-chileno-de-origen-mapuche-viaja-a-mexico-para-dar-conciertos-y-conferencias","status":"publish","type":"post","link":"http:\/\/staging.ibermusicas.org\/index.php\/camilo-antileo-el-cantautor-chileno-de-origen-mapuche-viaja-a-mexico-para-dar-conciertos-y-conferencias\/","title":{"rendered":"Camilo Antileo, el cantautor chileno de origen mapuche viaja a M\u00e9xico para dar conciertos y conferencias"},"content":{"rendered":"<p><span data-sheets-value=\"{&quot;1&quot;:2,&quot;2&quot;:&quot;Camilo Antileo se presentar\u00e1 en el centro cultural Kino Room, en la ciudad de Guanajuato. All\u00ed brindar\u00e1 un concierto acompa\u00f1ado s\u00f3lo de su guitarra en el que tocar\u00e1 las canciones de su primer EP: \\&quot;Hoy\\&quot; y posteriormente dictar\u00e1 una charla en donde contar\u00e1 sobre su experiencia en la industria musical chilena independiente, la creaci\u00f3n de su sello discogr\u00e1fico Epifan\u00eda Records y su relaci\u00f3n estrat\u00e9gica con el v\u00eddeo clip junto con su difusi\u00f3n en las redes sociales.&quot;}\" data-sheets-userformat=\"{&quot;2&quot;:513,&quot;3&quot;:{&quot;1&quot;:0},&quot;12&quot;:0}\">Camilo Antileo se presentar\u00e1 en el centro cultural Kino Room, en la ciudad de Guanajuato. All\u00ed brindar\u00e1 un concierto acompa\u00f1ado s\u00f3lo de su guitarra en el que tocar\u00e1 las canciones de su primer EP: \u00abHoy\u00bb y posteriormente dictar\u00e1 una charla en donde contar\u00e1 sobre su experiencia en la industria musical chilena independiente, la creaci\u00f3n de su sello discogr\u00e1fico Epifan\u00eda Records y su relaci\u00f3n estrat\u00e9gica con el v\u00eddeo clip junto con su difusi\u00f3n en las redes sociales.<\/span><\/p>\n","protected":false},"excerpt":{"rendered":"<p>Camilo Antileo se presentar\u00e1 en el centro cultural Kino Room, en la ciudad de Guanajuato. All\u00ed brindar\u00e1 un concierto acompa\u00f1ado s\u00f3lo de su guitarra en el que tocar\u00e1 las canciones de su primer EP: \u00abHoy\u00bb y posteriormente dictar\u00e1 una charla en donde contar\u00e1 sobre su experiencia en la industria musical chilena independiente, la creaci\u00f3n de [&hellip;]<\/p>\n","protected":false},"author":1,"featured_media":5259,"comment_status":"closed","ping_status":"closed","sticky":false,"template":"","format":"standard","meta":{"footnotes":""},"categories":[53],"tags":[],"class_list":["post-5258","post","type-post","status-publish","format-standard","has-post-thumbnail","hentry","category-noticias-generales"],"lang":"es","translations":{"es":5258},"pll_sync_post":[],"post_mailing_queue_ids":[],"_links":{"self":[{"href":"http:\/\/staging.ibermusicas.org\/index.php\/wp-json\/wp\/v2\/posts\/5258","targetHints":{"allow":["GET"]}}],"collection":[{"href":"http:\/\/staging.ibermusicas.org\/index.php\/wp-json\/wp\/v2\/posts"}],"about":[{"href":"http:\/\/staging.ibermusicas.org\/index.php\/wp-json\/wp\/v2\/types\/post"}],"author":[{"embeddable":true,"href":"http:\/\/staging.ibermusicas.org\/index.php\/wp-json\/wp\/v2\/users\/1"}],"replies":[{"embeddable":true,"href":"http:\/\/staging.ibermusicas.org\/index.php\/wp-json\/wp\/v2\/comments?post=5258"}],"version-history":[{"count":1,"href":"http:\/\/staging.ibermusicas.org\/index.php\/wp-json\/wp\/v2\/posts\/5258\/revisions"}],"predecessor-version":[{"id":5260,"href":"http:\/\/staging.ibermusicas.org\/index.php\/wp-json\/wp\/v2\/posts\/5258\/revisions\/5260"}],"wp:featuredmedia":[{"embeddable":true,"href":"http:\/\/staging.ibermusicas.org\/index.php\/wp-json\/wp\/v2\/media\/5259"}],"wp:attachment":[{"href":"http:\/\/staging.ibermusicas.org\/index.php\/wp-json\/wp\/v2\/media?parent=5258"}],"wp:term":[{"taxonomy":"category","embeddable":true,"href":"http:\/\/staging.ibermusicas.org\/index.php\/wp-json\/wp\/v2\/categories?post=5258"},{"taxonomy":"post_tag","embeddable":true,"href":"http:\/\/staging.ibermusicas.org\/index.php\/wp-json\/wp\/v2\/tags?post=5258"}],"curies":[{"name":"wp","href":"https:\/\/api.w.org\/{rel}","templated":true}]}}