{"id":5264,"date":"2015-10-03T19:03:12","date_gmt":"2015-10-03T19:03:12","guid":{"rendered":"http:\/\/staging.ibermusicas.org\/?p=5264"},"modified":"2021-03-30T19:04:23","modified_gmt":"2021-03-30T19:04:23","slug":"cuatro-compositores-comienzan-sus-residencias-artisticas-en-el-instituto-imersao-latina-en-colaborarcion-con-ibermusicas-e-con-embaixada-cultural","status":"publish","type":"post","link":"http:\/\/staging.ibermusicas.org\/index.php\/cuatro-compositores-comienzan-sus-residencias-artisticas-en-el-instituto-imersao-latina-en-colaborarcion-con-ibermusicas-e-con-embaixada-cultural\/","title":{"rendered":"Cuatro compositores comienzan sus residencias art\u00edsticas en el Instituto Imers\u00e3o Latina en colaborarci\u00f3n con Iberm\u00fasicas e con Embaixada Cultural"},"content":{"rendered":"<p><span data-sheets-value=\"{&quot;1&quot;:2,&quot;2&quot;:&quot;El Instituto Imers\u00e3o Latina, con el aporte del Fondo Iberm\u00fasicas, llam\u00f3 a concurso para residencias compositivas. Los artistas seleccionados fueron: Mi Ching\u00f3n (M\u00e9xico), Claudia Elena Jaramillo (Colombia), Griega Quir\u00f3s (Argentina), Mart\u00edn Turielli (Uruguay).&quot;}\" data-sheets-userformat=\"{&quot;2&quot;:513,&quot;3&quot;:{&quot;1&quot;:0},&quot;12&quot;:0}\">El Instituto Imers\u00e3o Latina, con el aporte del Fondo Iberm\u00fasicas, llam\u00f3 a concurso para residencias compositivas. Los artistas seleccionados fueron: Mi Ching\u00f3n (M\u00e9xico), Claudia Elena Jaramillo (Colombia), Griega Quir\u00f3s (Argentina), Mart\u00edn Turielli (Uruguay).<\/span><\/p>\n","protected":false},"excerpt":{"rendered":"<p>El Instituto Imers\u00e3o Latina, con el aporte del Fondo Iberm\u00fasicas, llam\u00f3 a concurso para residencias compositivas. Los artistas seleccionados fueron: Mi Ching\u00f3n (M\u00e9xico), Claudia Elena Jaramillo (Colombia), Griega Quir\u00f3s (Argentina), Mart\u00edn Turielli (Uruguay).<\/p>\n","protected":false},"author":1,"featured_media":5265,"comment_status":"closed","ping_status":"closed","sticky":false,"template":"","format":"standard","meta":{"footnotes":""},"categories":[53],"tags":[],"class_list":["post-5264","post","type-post","status-publish","format-standard","has-post-thumbnail","hentry","category-noticias-generales"],"lang":"es","translations":{"es":5264},"pll_sync_post":[],"post_mailing_queue_ids":[],"_links":{"self":[{"href":"http:\/\/staging.ibermusicas.org\/index.php\/wp-json\/wp\/v2\/posts\/5264","targetHints":{"allow":["GET"]}}],"collection":[{"href":"http:\/\/staging.ibermusicas.org\/index.php\/wp-json\/wp\/v2\/posts"}],"about":[{"href":"http:\/\/staging.ibermusicas.org\/index.php\/wp-json\/wp\/v2\/types\/post"}],"author":[{"embeddable":true,"href":"http:\/\/staging.ibermusicas.org\/index.php\/wp-json\/wp\/v2\/users\/1"}],"replies":[{"embeddable":true,"href":"http:\/\/staging.ibermusicas.org\/index.php\/wp-json\/wp\/v2\/comments?post=5264"}],"version-history":[{"count":1,"href":"http:\/\/staging.ibermusicas.org\/index.php\/wp-json\/wp\/v2\/posts\/5264\/revisions"}],"predecessor-version":[{"id":5266,"href":"http:\/\/staging.ibermusicas.org\/index.php\/wp-json\/wp\/v2\/posts\/5264\/revisions\/5266"}],"wp:featuredmedia":[{"embeddable":true,"href":"http:\/\/staging.ibermusicas.org\/index.php\/wp-json\/wp\/v2\/media\/5265"}],"wp:attachment":[{"href":"http:\/\/staging.ibermusicas.org\/index.php\/wp-json\/wp\/v2\/media?parent=5264"}],"wp:term":[{"taxonomy":"category","embeddable":true,"href":"http:\/\/staging.ibermusicas.org\/index.php\/wp-json\/wp\/v2\/categories?post=5264"},{"taxonomy":"post_tag","embeddable":true,"href":"http:\/\/staging.ibermusicas.org\/index.php\/wp-json\/wp\/v2\/tags?post=5264"}],"curies":[{"name":"wp","href":"https:\/\/api.w.org\/{rel}","templated":true}]}}