{"id":5267,"date":"2015-07-25T19:05:06","date_gmt":"2015-07-25T19:05:06","guid":{"rendered":"http:\/\/staging.ibermusicas.org\/?p=5267"},"modified":"2021-03-30T19:06:53","modified_gmt":"2021-03-30T19:06:53","slug":"el-ensamble-tiranni-splendori-de-mexico-se-presentara-en-el-xxii-festival-internacional-bach-de-trujillo-peru","status":"publish","type":"post","link":"http:\/\/staging.ibermusicas.org\/index.php\/el-ensamble-tiranni-splendori-de-mexico-se-presentara-en-el-xxii-festival-internacional-bach-de-trujillo-peru\/","title":{"rendered":"El ensamble Tiranni Splendori de M\u00e9xico, se presentar\u00e1 en el XXII Festival Internacional Bach, de Trujillo, Per\u00fa"},"content":{"rendered":"<p><span data-sheets-value=\"{&quot;1&quot;:2,&quot;2&quot;:&quot;El ensamble vocal-instrumental Tiranni Splendori, creado y dirigido por Alejandro Cardozo Garc\u00eda, dedicado a la difusi\u00f3n de la m\u00fasica de los siglos XVI al XVIII, con especial \u00e9nfasis a la m\u00fasica iberoamericana estar\u00e1 presente en el Festival Internacional Bach en Trujillo, Per\u00fa, ofreciendo sendos conciertos; el de apertura el d\u00eda 1\u00ba de Agosto en la Alianza Francesa de Trujillo y uno m\u00e1s el d\u00eda 3 de Agosto en \u201cEl Cultural\u201d.&quot;}\" data-sheets-userformat=\"{&quot;2&quot;:513,&quot;3&quot;:{&quot;1&quot;:0},&quot;12&quot;:0}\">El ensamble vocal-instrumental Tiranni Splendori, creado y dirigido por Alejandro Cardozo Garc\u00eda, dedicado a la difusi\u00f3n de la m\u00fasica de los siglos XVI al XVIII, con especial \u00e9nfasis a la m\u00fasica iberoamericana estar\u00e1 presente en el Festival Internacional Bach en Trujillo, Per\u00fa, ofreciendo sendos conciertos; el de apertura el d\u00eda 1\u00ba de Agosto en la Alianza Francesa de Trujillo y uno m\u00e1s el d\u00eda 3 de Agosto en \u201cEl Cultural\u201d.<\/span><\/p>\n","protected":false},"excerpt":{"rendered":"<p>El ensamble vocal-instrumental Tiranni Splendori, creado y dirigido por Alejandro Cardozo Garc\u00eda, dedicado a la difusi\u00f3n de la m\u00fasica de los siglos XVI al XVIII, con especial \u00e9nfasis a la m\u00fasica iberoamericana estar\u00e1 presente en el Festival Internacional Bach en Trujillo, Per\u00fa, ofreciendo sendos conciertos; el de apertura el d\u00eda 1\u00ba de Agosto en la [&hellip;]<\/p>\n","protected":false},"author":1,"featured_media":5268,"comment_status":"closed","ping_status":"closed","sticky":false,"template":"","format":"standard","meta":{"footnotes":""},"categories":[53],"tags":[],"class_list":["post-5267","post","type-post","status-publish","format-standard","has-post-thumbnail","hentry","category-noticias-generales"],"lang":"es","translations":{"es":5267},"pll_sync_post":[],"post_mailing_queue_ids":[],"_links":{"self":[{"href":"http:\/\/staging.ibermusicas.org\/index.php\/wp-json\/wp\/v2\/posts\/5267","targetHints":{"allow":["GET"]}}],"collection":[{"href":"http:\/\/staging.ibermusicas.org\/index.php\/wp-json\/wp\/v2\/posts"}],"about":[{"href":"http:\/\/staging.ibermusicas.org\/index.php\/wp-json\/wp\/v2\/types\/post"}],"author":[{"embeddable":true,"href":"http:\/\/staging.ibermusicas.org\/index.php\/wp-json\/wp\/v2\/users\/1"}],"replies":[{"embeddable":true,"href":"http:\/\/staging.ibermusicas.org\/index.php\/wp-json\/wp\/v2\/comments?post=5267"}],"version-history":[{"count":1,"href":"http:\/\/staging.ibermusicas.org\/index.php\/wp-json\/wp\/v2\/posts\/5267\/revisions"}],"predecessor-version":[{"id":5269,"href":"http:\/\/staging.ibermusicas.org\/index.php\/wp-json\/wp\/v2\/posts\/5267\/revisions\/5269"}],"wp:featuredmedia":[{"embeddable":true,"href":"http:\/\/staging.ibermusicas.org\/index.php\/wp-json\/wp\/v2\/media\/5268"}],"wp:attachment":[{"href":"http:\/\/staging.ibermusicas.org\/index.php\/wp-json\/wp\/v2\/media?parent=5267"}],"wp:term":[{"taxonomy":"category","embeddable":true,"href":"http:\/\/staging.ibermusicas.org\/index.php\/wp-json\/wp\/v2\/categories?post=5267"},{"taxonomy":"post_tag","embeddable":true,"href":"http:\/\/staging.ibermusicas.org\/index.php\/wp-json\/wp\/v2\/tags?post=5267"}],"curies":[{"name":"wp","href":"https:\/\/api.w.org\/{rel}","templated":true}]}}