{"id":5270,"date":"2015-09-30T19:07:26","date_gmt":"2015-09-30T19:07:26","guid":{"rendered":"http:\/\/staging.ibermusicas.org\/?p=5270"},"modified":"2021-03-30T19:08:46","modified_gmt":"2021-03-30T19:08:46","slug":"tere-estrada-y-banda-de-mexico-se-presentaran-en-el-medellin-blues-festival-international-de-colombia","status":"publish","type":"post","link":"http:\/\/staging.ibermusicas.org\/index.php\/tere-estrada-y-banda-de-mexico-se-presentaran-en-el-medellin-blues-festival-international-de-colombia\/","title":{"rendered":"Tere Estrada y Banda, de M\u00e9xico se presentar\u00e1n en el Medell\u00edn Blues Festival International de Colombia"},"content":{"rendered":"<p><span data-sheets-value=\"{&quot;1&quot;:2,&quot;2&quot;:&quot;La cantautora y guitarrista oriunda de la Ciudad de M\u00e9xico, con m\u00e1s de 25 a\u00f1os de trayectoria y siete discos en su haber, viajar\u00e1 junto a su banda para presentarse en el Medell\u00edn Blues Festival International y realizar otras presentaciones en tierras colombianas.&quot;}\" data-sheets-userformat=\"{&quot;2&quot;:513,&quot;3&quot;:{&quot;1&quot;:0},&quot;12&quot;:0}\">La cantautora y guitarrista oriunda de la Ciudad de M\u00e9xico, con m\u00e1s de 25 a\u00f1os de trayectoria y siete discos en su haber, viajar\u00e1 junto a su banda para presentarse en el Medell\u00edn Blues Festival International y realizar otras presentaciones en tierras colombianas.<\/span><\/p>\n","protected":false},"excerpt":{"rendered":"<p>La cantautora y guitarrista oriunda de la Ciudad de M\u00e9xico, con m\u00e1s de 25 a\u00f1os de trayectoria y siete discos en su haber, viajar\u00e1 junto a su banda para presentarse en el Medell\u00edn Blues Festival International y realizar otras presentaciones en tierras colombianas.<\/p>\n","protected":false},"author":1,"featured_media":5271,"comment_status":"closed","ping_status":"closed","sticky":false,"template":"","format":"standard","meta":{"footnotes":""},"categories":[53],"tags":[],"class_list":["post-5270","post","type-post","status-publish","format-standard","has-post-thumbnail","hentry","category-noticias-generales"],"lang":"es","translations":{"es":5270},"pll_sync_post":[],"post_mailing_queue_ids":[],"_links":{"self":[{"href":"http:\/\/staging.ibermusicas.org\/index.php\/wp-json\/wp\/v2\/posts\/5270","targetHints":{"allow":["GET"]}}],"collection":[{"href":"http:\/\/staging.ibermusicas.org\/index.php\/wp-json\/wp\/v2\/posts"}],"about":[{"href":"http:\/\/staging.ibermusicas.org\/index.php\/wp-json\/wp\/v2\/types\/post"}],"author":[{"embeddable":true,"href":"http:\/\/staging.ibermusicas.org\/index.php\/wp-json\/wp\/v2\/users\/1"}],"replies":[{"embeddable":true,"href":"http:\/\/staging.ibermusicas.org\/index.php\/wp-json\/wp\/v2\/comments?post=5270"}],"version-history":[{"count":1,"href":"http:\/\/staging.ibermusicas.org\/index.php\/wp-json\/wp\/v2\/posts\/5270\/revisions"}],"predecessor-version":[{"id":5272,"href":"http:\/\/staging.ibermusicas.org\/index.php\/wp-json\/wp\/v2\/posts\/5270\/revisions\/5272"}],"wp:featuredmedia":[{"embeddable":true,"href":"http:\/\/staging.ibermusicas.org\/index.php\/wp-json\/wp\/v2\/media\/5271"}],"wp:attachment":[{"href":"http:\/\/staging.ibermusicas.org\/index.php\/wp-json\/wp\/v2\/media?parent=5270"}],"wp:term":[{"taxonomy":"category","embeddable":true,"href":"http:\/\/staging.ibermusicas.org\/index.php\/wp-json\/wp\/v2\/categories?post=5270"},{"taxonomy":"post_tag","embeddable":true,"href":"http:\/\/staging.ibermusicas.org\/index.php\/wp-json\/wp\/v2\/tags?post=5270"}],"curies":[{"name":"wp","href":"https:\/\/api.w.org\/{rel}","templated":true}]}}