{"id":5273,"date":"2015-10-30T19:09:05","date_gmt":"2015-10-30T19:09:05","guid":{"rendered":"http:\/\/staging.ibermusicas.org\/?p=5273"},"modified":"2021-03-30T19:11:02","modified_gmt":"2021-03-30T19:11:02","slug":"el-ensamble-malakh-de-mexico-llega-a-costa-rica","status":"publish","type":"post","link":"http:\/\/staging.ibermusicas.org\/index.php\/el-ensamble-malakh-de-mexico-llega-a-costa-rica\/","title":{"rendered":"El Ensamble Mal\u2019Akh de M\u00e9xico llega a Costa Rica"},"content":{"rendered":"<p><strong><span data-sheets-value=\"{&quot;1&quot;:2,&quot;2&quot;:&quot;En el marco de las festividades del 75\u00b0 Aniversario de la Universidad de Costa Rica, el ensamble mexicano Mal\u2019Akh, presentar\u00e1 su espect\u00e1culo \\&quot;Animalik\\&quot; que consiste en una serie de cortometrajes de animaci\u00f3n musicalizados en vivo. Adem\u00e1s el maestro Felipe P\u00e9rez Santiago, director de la agrupaci\u00f3n, realizar\u00e1 una serie de conferencias en el marco del mismo evento.&quot;}\" data-sheets-userformat=\"{&quot;2&quot;:513,&quot;3&quot;:{&quot;1&quot;:0},&quot;12&quot;:0}\">En el marco de las festividades del 75\u00b0 Aniversario de la Universidad de Costa Rica, el ensamble mexicano Mal\u2019Akh, presentar\u00e1 su espect\u00e1culo \u00abAnimalik\u00bb que consiste en una serie de cortometrajes de animaci\u00f3n musicalizados en vivo. Adem\u00e1s el maestro Felipe P\u00e9rez Santiago, director de la agrupaci\u00f3n, realizar\u00e1 una serie de conferencias en el marco del mismo evento.<\/span><\/strong><\/p>\n","protected":false},"excerpt":{"rendered":"<p>En el marco de las festividades del 75\u00b0 Aniversario de la Universidad de Costa Rica, el ensamble mexicano Mal\u2019Akh, presentar\u00e1 su espect\u00e1culo \u00abAnimalik\u00bb que consiste en una serie de cortometrajes de animaci\u00f3n musicalizados en vivo. Adem\u00e1s el maestro Felipe P\u00e9rez Santiago, director de la agrupaci\u00f3n, realizar\u00e1 una serie de conferencias en el marco del mismo [&hellip;]<\/p>\n","protected":false},"author":1,"featured_media":5274,"comment_status":"closed","ping_status":"closed","sticky":false,"template":"","format":"standard","meta":{"footnotes":""},"categories":[53],"tags":[],"class_list":["post-5273","post","type-post","status-publish","format-standard","has-post-thumbnail","hentry","category-noticias-generales"],"lang":"es","translations":{"es":5273},"pll_sync_post":[],"post_mailing_queue_ids":[],"_links":{"self":[{"href":"http:\/\/staging.ibermusicas.org\/index.php\/wp-json\/wp\/v2\/posts\/5273","targetHints":{"allow":["GET"]}}],"collection":[{"href":"http:\/\/staging.ibermusicas.org\/index.php\/wp-json\/wp\/v2\/posts"}],"about":[{"href":"http:\/\/staging.ibermusicas.org\/index.php\/wp-json\/wp\/v2\/types\/post"}],"author":[{"embeddable":true,"href":"http:\/\/staging.ibermusicas.org\/index.php\/wp-json\/wp\/v2\/users\/1"}],"replies":[{"embeddable":true,"href":"http:\/\/staging.ibermusicas.org\/index.php\/wp-json\/wp\/v2\/comments?post=5273"}],"version-history":[{"count":1,"href":"http:\/\/staging.ibermusicas.org\/index.php\/wp-json\/wp\/v2\/posts\/5273\/revisions"}],"predecessor-version":[{"id":5275,"href":"http:\/\/staging.ibermusicas.org\/index.php\/wp-json\/wp\/v2\/posts\/5273\/revisions\/5275"}],"wp:featuredmedia":[{"embeddable":true,"href":"http:\/\/staging.ibermusicas.org\/index.php\/wp-json\/wp\/v2\/media\/5274"}],"wp:attachment":[{"href":"http:\/\/staging.ibermusicas.org\/index.php\/wp-json\/wp\/v2\/media?parent=5273"}],"wp:term":[{"taxonomy":"category","embeddable":true,"href":"http:\/\/staging.ibermusicas.org\/index.php\/wp-json\/wp\/v2\/categories?post=5273"},{"taxonomy":"post_tag","embeddable":true,"href":"http:\/\/staging.ibermusicas.org\/index.php\/wp-json\/wp\/v2\/tags?post=5273"}],"curies":[{"name":"wp","href":"https:\/\/api.w.org\/{rel}","templated":true}]}}