{"id":5284,"date":"2015-09-30T19:13:40","date_gmt":"2015-09-30T19:13:40","guid":{"rendered":"http:\/\/staging.ibermusicas.org\/?p=5284"},"modified":"2021-03-30T19:14:52","modified_gmt":"2021-03-30T19:14:52","slug":"residencia-imersao-latina-reune-artistas-de-seis-paises-latino-americanos-no-brasil","status":"publish","type":"post","link":"http:\/\/staging.ibermusicas.org\/index.php\/residencia-imersao-latina-reune-artistas-de-seis-paises-latino-americanos-no-brasil\/","title":{"rendered":"Resid\u00eancia Imers\u00e3o Latina re\u00fane artistas de seis pa\u00edses latino-americanos no Brasil"},"content":{"rendered":"<p><span data-sheets-value=\"{&quot;1&quot;:2,&quot;2&quot;:&quot;Belo Horizonte \u00e9 sede de laborat\u00f3rio musical que prev\u00ea um disco e show em espa\u00e7o de cultura, arte e educa\u00e7\u00e3o no Morro das Pedras&quot;}\" data-sheets-userformat=\"{&quot;2&quot;:513,&quot;3&quot;:{&quot;1&quot;:0},&quot;12&quot;:0}\">Belo Horizonte \u00e9 sede de laborat\u00f3rio musical que prev\u00ea um disco e show em espa\u00e7o de cultura, arte e educa\u00e7\u00e3o no Morro das Pedras<\/span><\/p>\n","protected":false},"excerpt":{"rendered":"<p>Belo Horizonte \u00e9 sede de laborat\u00f3rio musical que prev\u00ea um disco e show em espa\u00e7o de cultura, arte e educa\u00e7\u00e3o no Morro das Pedras<\/p>\n","protected":false},"author":1,"featured_media":5285,"comment_status":"closed","ping_status":"closed","sticky":false,"template":"","format":"standard","meta":{"footnotes":""},"categories":[53],"tags":[],"class_list":["post-5284","post","type-post","status-publish","format-standard","has-post-thumbnail","hentry","category-noticias-generales"],"lang":"es","translations":{"es":5284},"pll_sync_post":[],"post_mailing_queue_ids":[],"_links":{"self":[{"href":"http:\/\/staging.ibermusicas.org\/index.php\/wp-json\/wp\/v2\/posts\/5284","targetHints":{"allow":["GET"]}}],"collection":[{"href":"http:\/\/staging.ibermusicas.org\/index.php\/wp-json\/wp\/v2\/posts"}],"about":[{"href":"http:\/\/staging.ibermusicas.org\/index.php\/wp-json\/wp\/v2\/types\/post"}],"author":[{"embeddable":true,"href":"http:\/\/staging.ibermusicas.org\/index.php\/wp-json\/wp\/v2\/users\/1"}],"replies":[{"embeddable":true,"href":"http:\/\/staging.ibermusicas.org\/index.php\/wp-json\/wp\/v2\/comments?post=5284"}],"version-history":[{"count":1,"href":"http:\/\/staging.ibermusicas.org\/index.php\/wp-json\/wp\/v2\/posts\/5284\/revisions"}],"predecessor-version":[{"id":5286,"href":"http:\/\/staging.ibermusicas.org\/index.php\/wp-json\/wp\/v2\/posts\/5284\/revisions\/5286"}],"wp:featuredmedia":[{"embeddable":true,"href":"http:\/\/staging.ibermusicas.org\/index.php\/wp-json\/wp\/v2\/media\/5285"}],"wp:attachment":[{"href":"http:\/\/staging.ibermusicas.org\/index.php\/wp-json\/wp\/v2\/media?parent=5284"}],"wp:term":[{"taxonomy":"category","embeddable":true,"href":"http:\/\/staging.ibermusicas.org\/index.php\/wp-json\/wp\/v2\/categories?post=5284"},{"taxonomy":"post_tag","embeddable":true,"href":"http:\/\/staging.ibermusicas.org\/index.php\/wp-json\/wp\/v2\/tags?post=5284"}],"curies":[{"name":"wp","href":"https:\/\/api.w.org\/{rel}","templated":true}]}}