{"id":5302,"date":"2015-09-10T12:39:47","date_gmt":"2015-09-10T12:39:47","guid":{"rendered":"http:\/\/staging.ibermusicas.org\/?p=5302"},"modified":"2021-03-31T12:42:16","modified_gmt":"2021-03-31T12:42:16","slug":"pro-musica-de-rosario-para-ninos-naranja-dulce-de-argentina-y-rabo-e-nube-de-colombia-viajan-a-chile-para-presentarse-en-el-duodecimo-encuentro-de-la-cancion-infantil-latinoamericana-y-caribena","status":"publish","type":"post","link":"http:\/\/staging.ibermusicas.org\/index.php\/pro-musica-de-rosario-para-ninos-naranja-dulce-de-argentina-y-rabo-e-nube-de-colombia-viajan-a-chile-para-presentarse-en-el-duodecimo-encuentro-de-la-cancion-infantil-latinoamericana-y-caribena\/","title":{"rendered":"Pro Musica de Rosario para Ni\u00f1os, Naranja Dulce de Argentina y Rabo e&#8217; Nube de Colombia, viajan a Chile para presentarse en el Duod\u00e9cimo Encuentro de la Canci\u00f3n Infantil Latinoamericana y Caribe\u00f1a"},"content":{"rendered":"<p><span data-sheets-value=\"{&quot;1&quot;:2,&quot;2&quot;:&quot;Entre el 29 de Septiembre y el 4 Octubre de 2015 se realizar\u00e1 en Santiago de Chile el Duod\u00e9cimo Encuentro de la Canci\u00f3n Infantil Latinoamericana y Caribe\u00f1a.&quot;}\" data-sheets-userformat=\"{&quot;2&quot;:513,&quot;3&quot;:{&quot;1&quot;:0},&quot;12&quot;:0}\">Entre el 29 de Septiembre y el 4 Octubre de 2015 se realizar\u00e1 en Santiago de Chile el Duod\u00e9cimo Encuentro de la Canci\u00f3n Infantil Latinoamericana y Caribe\u00f1a.<\/span><\/p>\n","protected":false},"excerpt":{"rendered":"<p>Entre el 29 de Septiembre y el 4 Octubre de 2015 se realizar\u00e1 en Santiago de Chile el Duod\u00e9cimo Encuentro de la Canci\u00f3n Infantil Latinoamericana y Caribe\u00f1a.<\/p>\n","protected":false},"author":1,"featured_media":5303,"comment_status":"closed","ping_status":"closed","sticky":false,"template":"","format":"standard","meta":{"footnotes":""},"categories":[53],"tags":[],"class_list":["post-5302","post","type-post","status-publish","format-standard","has-post-thumbnail","hentry","category-noticias-generales"],"lang":"es","translations":{"es":5302},"pll_sync_post":[],"post_mailing_queue_ids":[],"_links":{"self":[{"href":"http:\/\/staging.ibermusicas.org\/index.php\/wp-json\/wp\/v2\/posts\/5302","targetHints":{"allow":["GET"]}}],"collection":[{"href":"http:\/\/staging.ibermusicas.org\/index.php\/wp-json\/wp\/v2\/posts"}],"about":[{"href":"http:\/\/staging.ibermusicas.org\/index.php\/wp-json\/wp\/v2\/types\/post"}],"author":[{"embeddable":true,"href":"http:\/\/staging.ibermusicas.org\/index.php\/wp-json\/wp\/v2\/users\/1"}],"replies":[{"embeddable":true,"href":"http:\/\/staging.ibermusicas.org\/index.php\/wp-json\/wp\/v2\/comments?post=5302"}],"version-history":[{"count":1,"href":"http:\/\/staging.ibermusicas.org\/index.php\/wp-json\/wp\/v2\/posts\/5302\/revisions"}],"predecessor-version":[{"id":5304,"href":"http:\/\/staging.ibermusicas.org\/index.php\/wp-json\/wp\/v2\/posts\/5302\/revisions\/5304"}],"wp:featuredmedia":[{"embeddable":true,"href":"http:\/\/staging.ibermusicas.org\/index.php\/wp-json\/wp\/v2\/media\/5303"}],"wp:attachment":[{"href":"http:\/\/staging.ibermusicas.org\/index.php\/wp-json\/wp\/v2\/media?parent=5302"}],"wp:term":[{"taxonomy":"category","embeddable":true,"href":"http:\/\/staging.ibermusicas.org\/index.php\/wp-json\/wp\/v2\/categories?post=5302"},{"taxonomy":"post_tag","embeddable":true,"href":"http:\/\/staging.ibermusicas.org\/index.php\/wp-json\/wp\/v2\/tags?post=5302"}],"curies":[{"name":"wp","href":"https:\/\/api.w.org\/{rel}","templated":true}]}}