{"id":5305,"date":"2015-10-14T12:42:31","date_gmt":"2015-10-14T12:42:31","guid":{"rendered":"http:\/\/staging.ibermusicas.org\/?p=5305"},"modified":"2021-03-31T12:44:01","modified_gmt":"2021-03-31T12:44:01","slug":"ian-ramil-de-brasil-viaja-a-colombia-al-vii-festival-internacional-de-cancion-itinerante","status":"publish","type":"post","link":"http:\/\/staging.ibermusicas.org\/index.php\/ian-ramil-de-brasil-viaja-a-colombia-al-vii-festival-internacional-de-cancion-itinerante\/","title":{"rendered":"Ian Ramil de Brasil viaja a Colombia al VII Festival Internacional de Canci\u00f3n Itinerante"},"content":{"rendered":"<p><span data-sheets-value=\"{&quot;1&quot;:2,&quot;2&quot;:&quot;El joven cantautor portoalegrense, a quien la prensa ubica entre Jo\u00e3o Gilberto y Nirvana, se presentar\u00e1 en el VII Festival Internacional de Canci\u00f3n Itinerante de Colombia.&quot;}\" data-sheets-userformat=\"{&quot;2&quot;:513,&quot;3&quot;:{&quot;1&quot;:0},&quot;12&quot;:0}\">El joven cantautor portoalegrense, a quien la prensa ubica entre Jo\u00e3o Gilberto y Nirvana, se presentar\u00e1 en el VII Festival Internacional de Canci\u00f3n Itinerante de Colombia.<\/span><\/p>\n","protected":false},"excerpt":{"rendered":"<p>El joven cantautor portoalegrense, a quien la prensa ubica entre Jo\u00e3o Gilberto y Nirvana, se presentar\u00e1 en el VII Festival Internacional de Canci\u00f3n Itinerante de Colombia.<\/p>\n","protected":false},"author":1,"featured_media":5306,"comment_status":"closed","ping_status":"closed","sticky":false,"template":"","format":"standard","meta":{"footnotes":""},"categories":[53],"tags":[],"class_list":["post-5305","post","type-post","status-publish","format-standard","has-post-thumbnail","hentry","category-noticias-generales"],"lang":"es","translations":{"es":5305},"pll_sync_post":[],"post_mailing_queue_ids":[],"_links":{"self":[{"href":"http:\/\/staging.ibermusicas.org\/index.php\/wp-json\/wp\/v2\/posts\/5305","targetHints":{"allow":["GET"]}}],"collection":[{"href":"http:\/\/staging.ibermusicas.org\/index.php\/wp-json\/wp\/v2\/posts"}],"about":[{"href":"http:\/\/staging.ibermusicas.org\/index.php\/wp-json\/wp\/v2\/types\/post"}],"author":[{"embeddable":true,"href":"http:\/\/staging.ibermusicas.org\/index.php\/wp-json\/wp\/v2\/users\/1"}],"replies":[{"embeddable":true,"href":"http:\/\/staging.ibermusicas.org\/index.php\/wp-json\/wp\/v2\/comments?post=5305"}],"version-history":[{"count":1,"href":"http:\/\/staging.ibermusicas.org\/index.php\/wp-json\/wp\/v2\/posts\/5305\/revisions"}],"predecessor-version":[{"id":5307,"href":"http:\/\/staging.ibermusicas.org\/index.php\/wp-json\/wp\/v2\/posts\/5305\/revisions\/5307"}],"wp:featuredmedia":[{"embeddable":true,"href":"http:\/\/staging.ibermusicas.org\/index.php\/wp-json\/wp\/v2\/media\/5306"}],"wp:attachment":[{"href":"http:\/\/staging.ibermusicas.org\/index.php\/wp-json\/wp\/v2\/media?parent=5305"}],"wp:term":[{"taxonomy":"category","embeddable":true,"href":"http:\/\/staging.ibermusicas.org\/index.php\/wp-json\/wp\/v2\/categories?post=5305"},{"taxonomy":"post_tag","embeddable":true,"href":"http:\/\/staging.ibermusicas.org\/index.php\/wp-json\/wp\/v2\/tags?post=5305"}],"curies":[{"name":"wp","href":"https:\/\/api.w.org\/{rel}","templated":true}]}}