{"id":5308,"date":"2015-08-16T12:44:17","date_gmt":"2015-08-16T12:44:17","guid":{"rendered":"http:\/\/staging.ibermusicas.org\/?p=5308"},"modified":"2021-03-31T12:45:30","modified_gmt":"2021-03-31T12:45:30","slug":"lucas-torino-y-villagran-bolanos-de-paraguay-realizaran-una-gira-por-mexico","status":"publish","type":"post","link":"http:\/\/staging.ibermusicas.org\/index.php\/lucas-torino-y-villagran-bolanos-de-paraguay-realizaran-una-gira-por-mexico\/","title":{"rendered":"Lucas Tori\u00f1o y Villagr\u00e1n Bola\u00f1os de Paraguay realizar\u00e1n una gira por M\u00e9xico"},"content":{"rendered":"<p><span data-sheets-value=\"{&quot;1&quot;:2,&quot;2&quot;:&quot;Lucas Tori\u00f1o y Villagr\u00e1n Bola\u00f1os de Paraguay, llevan su ritmo subtropical a las ciudades de M\u00e9xico DF, Toluca y Puebla.&quot;}\" data-sheets-userformat=\"{&quot;2&quot;:513,&quot;3&quot;:{&quot;1&quot;:0},&quot;12&quot;:0}\">Lucas Tori\u00f1o y Villagr\u00e1n Bola\u00f1os de Paraguay, llevan su ritmo subtropical a las ciudades de M\u00e9xico DF, Toluca y Puebla.<\/span><\/p>\n","protected":false},"excerpt":{"rendered":"<p>Lucas Tori\u00f1o y Villagr\u00e1n Bola\u00f1os de Paraguay, llevan su ritmo subtropical a las ciudades de M\u00e9xico DF, Toluca y Puebla.<\/p>\n","protected":false},"author":1,"featured_media":5309,"comment_status":"closed","ping_status":"closed","sticky":false,"template":"","format":"standard","meta":{"footnotes":""},"categories":[53],"tags":[],"class_list":["post-5308","post","type-post","status-publish","format-standard","has-post-thumbnail","hentry","category-noticias-generales"],"lang":"es","translations":{"es":5308},"pll_sync_post":[],"post_mailing_queue_ids":[],"_links":{"self":[{"href":"http:\/\/staging.ibermusicas.org\/index.php\/wp-json\/wp\/v2\/posts\/5308","targetHints":{"allow":["GET"]}}],"collection":[{"href":"http:\/\/staging.ibermusicas.org\/index.php\/wp-json\/wp\/v2\/posts"}],"about":[{"href":"http:\/\/staging.ibermusicas.org\/index.php\/wp-json\/wp\/v2\/types\/post"}],"author":[{"embeddable":true,"href":"http:\/\/staging.ibermusicas.org\/index.php\/wp-json\/wp\/v2\/users\/1"}],"replies":[{"embeddable":true,"href":"http:\/\/staging.ibermusicas.org\/index.php\/wp-json\/wp\/v2\/comments?post=5308"}],"version-history":[{"count":1,"href":"http:\/\/staging.ibermusicas.org\/index.php\/wp-json\/wp\/v2\/posts\/5308\/revisions"}],"predecessor-version":[{"id":5310,"href":"http:\/\/staging.ibermusicas.org\/index.php\/wp-json\/wp\/v2\/posts\/5308\/revisions\/5310"}],"wp:featuredmedia":[{"embeddable":true,"href":"http:\/\/staging.ibermusicas.org\/index.php\/wp-json\/wp\/v2\/media\/5309"}],"wp:attachment":[{"href":"http:\/\/staging.ibermusicas.org\/index.php\/wp-json\/wp\/v2\/media?parent=5308"}],"wp:term":[{"taxonomy":"category","embeddable":true,"href":"http:\/\/staging.ibermusicas.org\/index.php\/wp-json\/wp\/v2\/categories?post=5308"},{"taxonomy":"post_tag","embeddable":true,"href":"http:\/\/staging.ibermusicas.org\/index.php\/wp-json\/wp\/v2\/tags?post=5308"}],"curies":[{"name":"wp","href":"https:\/\/api.w.org\/{rel}","templated":true}]}}