{"id":5311,"date":"2015-09-01T12:45:49","date_gmt":"2015-09-01T12:45:49","guid":{"rendered":"http:\/\/staging.ibermusicas.org\/?p=5311"},"modified":"2021-03-31T12:47:08","modified_gmt":"2021-03-31T12:47:08","slug":"suono-mobile-el-ensamble-argentino-de-musica-contemporanea-se-presentara-en-el-festival-pulsar-de-montevideo-uruguay","status":"publish","type":"post","link":"http:\/\/staging.ibermusicas.org\/index.php\/suono-mobile-el-ensamble-argentino-de-musica-contemporanea-se-presentara-en-el-festival-pulsar-de-montevideo-uruguay\/","title":{"rendered":"Suono Mobile, el ensamble argentino de m\u00fasica contempor\u00e1nea, se presentar\u00e1 en el Festival P\u00falsar de Montevideo, Uruguay."},"content":{"rendered":"<p><span data-sheets-value=\"{&quot;1&quot;:2,&quot;2&quot;:&quot;Suono Mobile se presentar\u00e1 en el Teatro Sol\u00eds de Montevideo como parte de la programaci\u00f3n del Festival P\u00falsar conciertos contempor\u00e1neos.&quot;}\" data-sheets-userformat=\"{&quot;2&quot;:513,&quot;3&quot;:{&quot;1&quot;:0},&quot;12&quot;:0}\">Suono Mobile se presentar\u00e1 en el Teatro Sol\u00eds de Montevideo como parte de la programaci\u00f3n del Festival P\u00falsar conciertos contempor\u00e1neos.<\/span><\/p>\n","protected":false},"excerpt":{"rendered":"<p>Suono Mobile se presentar\u00e1 en el Teatro Sol\u00eds de Montevideo como parte de la programaci\u00f3n del Festival P\u00falsar conciertos contempor\u00e1neos.<\/p>\n","protected":false},"author":1,"featured_media":5312,"comment_status":"closed","ping_status":"closed","sticky":false,"template":"","format":"standard","meta":{"footnotes":""},"categories":[53],"tags":[],"class_list":["post-5311","post","type-post","status-publish","format-standard","has-post-thumbnail","hentry","category-noticias-generales"],"lang":"es","translations":{"es":5311},"pll_sync_post":[],"post_mailing_queue_ids":[],"_links":{"self":[{"href":"http:\/\/staging.ibermusicas.org\/index.php\/wp-json\/wp\/v2\/posts\/5311","targetHints":{"allow":["GET"]}}],"collection":[{"href":"http:\/\/staging.ibermusicas.org\/index.php\/wp-json\/wp\/v2\/posts"}],"about":[{"href":"http:\/\/staging.ibermusicas.org\/index.php\/wp-json\/wp\/v2\/types\/post"}],"author":[{"embeddable":true,"href":"http:\/\/staging.ibermusicas.org\/index.php\/wp-json\/wp\/v2\/users\/1"}],"replies":[{"embeddable":true,"href":"http:\/\/staging.ibermusicas.org\/index.php\/wp-json\/wp\/v2\/comments?post=5311"}],"version-history":[{"count":1,"href":"http:\/\/staging.ibermusicas.org\/index.php\/wp-json\/wp\/v2\/posts\/5311\/revisions"}],"predecessor-version":[{"id":5313,"href":"http:\/\/staging.ibermusicas.org\/index.php\/wp-json\/wp\/v2\/posts\/5311\/revisions\/5313"}],"wp:featuredmedia":[{"embeddable":true,"href":"http:\/\/staging.ibermusicas.org\/index.php\/wp-json\/wp\/v2\/media\/5312"}],"wp:attachment":[{"href":"http:\/\/staging.ibermusicas.org\/index.php\/wp-json\/wp\/v2\/media?parent=5311"}],"wp:term":[{"taxonomy":"category","embeddable":true,"href":"http:\/\/staging.ibermusicas.org\/index.php\/wp-json\/wp\/v2\/categories?post=5311"},{"taxonomy":"post_tag","embeddable":true,"href":"http:\/\/staging.ibermusicas.org\/index.php\/wp-json\/wp\/v2\/tags?post=5311"}],"curies":[{"name":"wp","href":"https:\/\/api.w.org\/{rel}","templated":true}]}}